{"id":85045,"date":"2026-01-14T09:53:30","date_gmt":"2026-01-14T09:53:30","guid":{"rendered":"https:\/\/www.europesays.com\/ee\/85045\/"},"modified":"2026-01-14T09:53:30","modified_gmt":"2026-01-14T09:53:30","slug":"kadrina-vana-bussiootepaviljon-otsib-uut-kodu-virumaa-teataja","status":"publish","type":"post","link":"https:\/\/www.europesays.com\/ee\/85045\/","title":{"rendered":"Kadrina vana bussiootepaviljon otsib uut kodu &#8211; Virumaa Teataja"},"content":{"rendered":"<ol>\n<li><a href=\"https:\/\/news.google.com\/rss\/articles\/CBMikwFBVV95cUxOUUMzNzBuVHludU9maHBZRE1ob1N0SFBZa25GWDdKSXdFN0ZNV3IyVlRkN3ItVUFLZEVhbHNEZEhvM0xZYlpyN2JEMlpVbUtrM2VBcGUzbGdETERkb1RFSDRxWnVfMDRWQS10bzdjQWpEenE3cmp0UGpVSHYwYXh1bjh1ZW9pSFVjV3lZa01pT0ZjYWc?oc=5\" target=\"_blank\" rel=\"nofollow noopener\">Kadrina vana bussiootepaviljon otsib uut kodu<\/a>&nbsp;&nbsp;Virumaa Teataja<\/li>\n<li><a href=\"https:\/\/news.google.com\/rss\/articles\/CBMipwFBVV95cUxOTktQLWk4Y1dmMXJoVDlkLUFkNzJ4YXNDcmRvN1ZWRjBRVXlrOXdGY1F3UWVNZjdJdjZXbTBUMVFzNWJ3RTQ1RW5fWjFJb0o4MXFNay1RQlJKUUgyVjc3bXF0OEkzZFE4SUt2Ni1XUHU5NU9yVFNBbGJwckU4QkpFRWZwUGh1dGtkVmJRUjJac1dWY0I3X0FBOWdrWUhjLTc5bVZqdTdxZw?oc=5\" target=\"_blank\" rel=\"nofollow noopener\">&#8220;100 suusatundi&#8221; avab suusarahvale 700 kilomeetrit terviseradu<\/a>&nbsp;&nbsp;Virumaa Teataja<\/li>\n<li><a href=\"https:\/\/news.google.com\/rss\/articles\/CBMipAFBVV95cUxNb3lUTFZLRGhrOWdoblpZSV9BMDJfZkdZS3RlR3I3Uk8tVFFOUm96ckhGV1ZTdFZGX01rNXFXX0F5YUk0NEtvNm9paDlrVXd2RVZHazE5THM5UGxmb3EzVy1qNDA3ZXZvRnR5b0t5djk4UUlaYlpWWVVUcGVackxmVHNTSW9pbFc0cHh2djYtRHRvMXUycnBWejZQbGloQXNUQVBQaA?oc=5\" target=\"_blank\" rel=\"nofollow noopener\">Kampaania &#8220;100 suusatundi&#8221; avab suusarahvale 700 kilomeetrit terviseradu<\/a>&nbsp;&nbsp;sport | ERR<\/li>\n<li><a href=\"https:\/\/news.google.com\/rss\/articles\/CBMi-wFBVV95cUxORVZUdV9kYWs3T0NERUxjZHBOSnZHQUpUb0JkdmxybktrVFk5THNWZXM0aEZsd2lrRlgza0dhNW14WDhBMWwxNW5nRFNsbVZJMmVlYlY2UHJwUkFGbXJiQW5YQlBCYkpELUEwajZRTlVmelVCdnJKWXVEWWdSRFdMZFItaVlyUm1YSkF0Nkc2SFhZQk5PNlg4LW5KaDBPek1yb25iNm9DSXNuTGFsZS1RTXMtQktxNy1TYTI4cFBMTm5rdHhWbUliRGM3ZVoxQ3RvdUR4YU9lb0dQV29ObnR4Q3VIQlMxRVlNWlJraDV4UVpIRDd0UGU5clFIWQ?oc=5\" target=\"_blank\" rel=\"nofollow noopener\">Alvar Johannes Alevi treener Eivind Tonna: kui vaadata, millised ressursid on norralastel, siis see ei ole teiste suhtes \u00f5iglane<\/a>&nbsp;&nbsp;Delfi Sport<\/li>\n<li><a href=\"https:\/\/news.google.com\/rss\/articles\/CBMi4wFBVV95cUxQWjBjQUJSU21DaWh0MGVQOGE5WVdjVDdNTW5vTTRkXzJvSGtzNDM3QkZodnBhQTlNcWtZbGo5bUZEMVhnWXdnLXV4N28tdVZDVjBYUUx6czZuRW5qZ0VGMEY1UjJOZ2REWGtqSHNqelFGckZzNUQwam5aSkJsR1c4Z0pTMG92RGVGX0xJejVWX016dFVwTlJ2ZHZ0Rmt3NDQ5U3JCVUxyZEVGTGJKUll4bzlnZ291a2NGV1NmZ2FRMXY3UzlpN1JqZWpaYWlMRUEzYndZT1lwMXpWN29Kd0hOT2VGcw?oc=5\" target=\"_blank\" rel=\"nofollow noopener\">Alevi norralasest treener: tal j\u00e4i tuhandeid treeningtunde lapsep\u00f5lvest puudu, kuid esik\u00fcmnekoht ol\u00fcmpial on reaalne<\/a>&nbsp;&nbsp;Postimees Sport<\/li>\n<\/ol>\n","protected":false},"excerpt":{"rendered":"Kadrina vana bussiootepaviljon otsib uut kodu&nbsp;&nbsp;Virumaa Teataja &#8220;100 suusatundi&#8221; avab suusarahvale 700 kilomeetrit terviseradu&nbsp;&nbsp;Virumaa Teataja Kampaania &#8220;100 suusatundi&#8221;&hellip;\n","protected":false},"author":2,"featured_media":85046,"comment_status":"","ping_status":"","sticky":false,"template":"","format":"standard","meta":{"footnotes":"","_share_on_mastodon":"0"},"categories":[18],"tags":[37,33,35,34,36,3377,42169,42170,159,158],"class_list":["post-85045","post","type-post","status-publish","format-standard","has-post-thumbnail","category-sport","tag-ee","tag-eesti","tag-eesti-keel","tag-estonia","tag-estonian","tag-kadrina","tag-kadrina-bussiootepaviljon","tag-kadrina-keskvaljak","tag-sport","tag-sports"],"share_on_mastodon":{"url":"https:\/\/pubeurope.com\/@ee\/115892846800279099","error":""},"_links":{"self":[{"href":"https:\/\/www.europesays.com\/ee\/wp-json\/wp\/v2\/posts\/85045","targetHints":{"allow":["GET"]}}],"collection":[{"href":"https:\/\/www.europesays.com\/ee\/wp-json\/wp\/v2\/posts"}],"about":[{"href":"https:\/\/www.europesays.com\/ee\/wp-json\/wp\/v2\/types\/post"}],"author":[{"embeddable":true,"href":"https:\/\/www.europesays.com\/ee\/wp-json\/wp\/v2\/users\/2"}],"replies":[{"embeddable":true,"href":"https:\/\/www.europesays.com\/ee\/wp-json\/wp\/v2\/comments?post=85045"}],"version-history":[{"count":0,"href":"https:\/\/www.europesays.com\/ee\/wp-json\/wp\/v2\/posts\/85045\/revisions"}],"wp:featuredmedia":[{"embeddable":true,"href":"https:\/\/www.europesays.com\/ee\/wp-json\/wp\/v2\/media\/85046"}],"wp:attachment":[{"href":"https:\/\/www.europesays.com\/ee\/wp-json\/wp\/v2\/media?parent=85045"}],"wp:term":[{"taxonomy":"category","embeddable":true,"href":"https:\/\/www.europesays.com\/ee\/wp-json\/wp\/v2\/categories?post=85045"},{"taxonomy":"post_tag","embeddable":true,"href":"https:\/\/www.europesays.com\/ee\/wp-json\/wp\/v2\/tags?post=85045"}],"curies":[{"name":"wp","href":"https:\/\/api.w.org\/{rel}","templated":true}]}}