{"id":85094,"date":"2026-01-14T10:51:31","date_gmt":"2026-01-14T10:51:31","guid":{"rendered":"https:\/\/www.europesays.com\/ee\/85094\/"},"modified":"2026-01-14T10:51:31","modified_gmt":"2026-01-14T10:51:31","slug":"marek-sadam-suurest-tahesarast-pole-ma-osanud-kasu-loigata-ega-roomu-tunda-vikerraadio","status":"publish","type":"post","link":"https:\/\/www.europesays.com\/ee\/85094\/","title":{"rendered":"Marek Sadam: suurest t\u00e4hes\u00e4rast pole ma osanud kasu l\u00f5igata ega r\u00f5\u00f5mu tunda | Vikerraadio"},"content":{"rendered":"<p>Laulja Marek Sadam r\u00e4\u00e4kis saates &#8220;Heli n\u00e4lg&#8221;, et muusikalise edu laineharjal olles ei saanud ta aru, kui \u00e4gedaid asju tema elus juhtus, kuid k\u00f5ik see muutis ta elu ees veelgi t\u00e4nulikumaks. Sadama s\u00f5nul pole ta siiski osanud suurest t\u00e4hes\u00e4rast kasu l\u00f5igata ega r\u00f5\u00f5mu tunda, vaid vaikselt edasi elanud.<\/p>\n<p>Marek Sadam s\u00fcndis 20. oktoobril 1978. aastal Viljandis. &#8220;Minu esimene m\u00e4lupilt on ajast, kui ma olin kolmeaastane. Olin verandal ja lennuk s\u00f5itis me majast \u00fcle. Oli suvine \u00f5htu, mul oli nukrus hinges ja millegip\u00e4rast see nukrus hinges on alati mind saatnud,&#8221; muheles Sadam.<\/p>\n<p>Muusika on teda samuti kogu elu saatnud, tema ema laulis lauluansamblis ja isa m\u00e4ngis erinevates b\u00e4ndides. &#8220;Isal olid kodus lindid, plaadid. Minu meelest on ansambel Rock Hotel s\u00fcndinud minuga t\u00e4pselt samal ajal.&#8221;<\/p>\n<p>Koolis Sadam enda s\u00f5nul v\u00e4ga kirgas \u00f5pilane ei olnud. &#8220;9. klassis v\u00f5tsin ennast k\u00e4tte ja l\u00f5petasin p\u00f5hikooli neljade-viitega. Mul oli see keeruline lugu, et mu vanemad olid \u00f5petajad. Koolisk\u00e4imine oli keeruline, sest \u00fchest k\u00fcljest on pressing \u00f5pilaste poolt ja teisest k\u00fcljest \u00f5petajate poolt. \u00dcksk\u00f5ik mis ma tegin, oli kodus juba teada enne kui ma koolist koju j\u00f5udsin, ja see oli kohutavalt v\u00e4sitav ja frustreeriv, aga kuidagi ellu ma j\u00e4in,&#8221; muheles Sadam.<\/p>\n<p>P\u00f5hikoolis tegi Sadam koos s\u00f5pradega koolib\u00e4ndi. Muusikakoolis Sadam k\u00e4inud ei ole, ja ka pilli pole kuigi usinalt harjutanud, kuigi noore poisina ta koolib\u00e4ndis kitarri m\u00e4ngis. &#8220;Kitarri ostis mu isa mulle mu ristiisa k\u00e4est. Hiljem tutvusin inimestega, kes m\u00e4ngisid minust oluliselt paremini pilli ja siis ma ei n\u00e4inud pilli harjutamisel \u00fcldse enam mingit m\u00f5tet,&#8221; nentis Sadam.<\/p>\n<p>Raadio on tema elus suurt rolli m\u00e4nginud. &#8220;Televisioon on minu elust \u00fcldse \u00e4ra kadunud, ma olengi raadiokuulaja. Kui mul on vaba hetk, siis kuulan raadiot v\u00f5i vaikust. Juba lapsena kuulasin palju raadiot,&#8221; s\u00f5nas laulja.<\/p>\n<p>N-Euro b\u00e4nd tuli Sadama s\u00f5nul tema ellu v\u00e4ga \u00f5igel ajal. &#8220;T\u00e4nu sellele b\u00e4ndile sain palju reisida ja maailma n\u00e4ha. Samuti ennast laval v\u00e4lja elada, sest sellel b\u00e4ndil oli hoopis teine energia,&#8221; meenutas Sadam.<\/p>\n<p><img decoding=\"async\" data-photo-id=\"211308\" src=\"https:\/\/www.europesays.com\/ee\/wp-content\/uploads\/2026\/01\/211308h7d73t24.jpg\"\/>Marek Sadam Autor\/allikas: Pressimaterjalid<\/p>\n<p>Sadama s\u00f5nul on ta v\u00e4ga tundlik ja v\u00f5tab k\u00f5iki asju s\u00fcdamesse. &#8220;P\u00f5en k\u00f5ikide oma l\u00e4hedaste p\u00e4rast, kui kellelegi tehakse liiga. Mulle on h\u00e4sti kerge haiget teha. Mingil hetkel on k\u00f5ik inimesed saanud s\u00f5imata v\u00f5i ka peksa, siis saad ka aru, et sina oled sina, ja sa pead ajama oma rida. Kui sa midagi tegema oled hakanud, ja mingitki sihti n\u00e4ed, siis tuleb edasi minna, sest seal metsade taga ootab sind ikkagi j\u00e4rgmine mets, aga v\u00f5ib-olla parem.&#8221;<\/p>\n<p>Esimese rahasumma laval olemise eest sai Sadam hoopis n\u00e4itlejat\u00f6\u00f6 eest. &#8220;Tegime v\u00e4ga amat\u00f6\u00f6rlikku kooliteatrit J\u00fcri Naelaga ja k\u00e4isime lasteetendusi andmas. Olin ka Viljandi nukuteatris lootusetu n\u00e4itleja. Muusika tegemise eest teenisin esimese raha arvatavasti g\u00fcmnaasiumis tehtud koolib\u00e4ndiga.&#8221;<\/p>\n<p>Saksamaal l\u00e4ks N-Eurol v\u00e4ga h\u00e4sti. &#8220;Olime muusikakanali Viva klubimuusika edetabelis 11 n\u00e4dalat esikohal. Ameerikas k\u00e4isin ka ja isegi andsin seal klubides kontserte. Kui ma nendes hetkedes elasin, ega ma siis ei saanud aru, kui \u00e4ge v\u00e4rk see on. Suurest t\u00e4hes\u00e4rast pole ma osanud kasu l\u00f5igata ja r\u00f5\u00f5mu tunda, olen ikka edasi elanud.&#8221;<\/p>\n<p>Selleks, et suureks staariks saada, on Sadama s\u00f5nul vaja ka raha. &#8220;See on ikkagi suur \u00e4ri. \u00d5nne on vaja, aga v\u00e4ga palju on ikka inimeses endas ka kinni. Sa v\u00f5ib-olla ise ei taba \u00f5igel ajal \u00f5igeid asju \u00e4ra. V\u00e4ga kreisisid asju on elus juhtunud, aga see on eriline sinu jaoks, v\u00f5ib-olla sinu k\u00f5rval olevaid inimesi see ei huvita,&#8221; t\u00f5des muusik. &#8220;See k\u00f5ik tegi mind elu ees veelgi t\u00e4nulikumaks, kui ma enne seda olin.&#8221;<\/p>\n<p>&#8220;Praegu on lapsed mu kontsert. Mul on ka sellega v\u00e4ga vedanud, et mul on palju erinevaid muusikuid, kellega ma kontserte annan. Elu ei tohi seisma j\u00e4\u00e4da,&#8221; s\u00f5nas Sadam.<\/p>\n<p><img decoding=\"async\" data-photo-id=\"644348\" src=\"https:\/\/www.europesays.com\/ee\/wp-content\/uploads\/2026\/01\/644348h6f22t24.jpg\"\/>Marek Sadam Autor\/allikas: Kairit Leibold\/ERR<\/p>\n","protected":false},"excerpt":{"rendered":"Laulja Marek Sadam r\u00e4\u00e4kis saates &#8220;Heli n\u00e4lg&#8221;, et muusikalise edu laineharjal olles ei saanud ta aru, kui \u00e4gedaid&hellip;\n","protected":false},"author":2,"featured_media":85095,"comment_status":"","ping_status":"","sticky":false,"template":"","format":"standard","meta":{"footnotes":"","_share_on_mastodon":"0"},"categories":[12],"tags":[26,27,37,33,35,34,36,31,32,21,28,29,26032,42195,19,25,42196,23,24,22,20,30],"class_list":["post-85094","post","type-post","status-publish","format-standard","has-post-thumbnail","category-eesti","tag-breaking-news","tag-breakingnews","tag-ee","tag-eesti","tag-eesti-keel","tag-estonia","tag-estonian","tag-featured-news","tag-featurednews","tag-headlines","tag-latest-news","tag-latestnews","tag-marek-sadam","tag-n-euro","tag-news","tag-populaarseimad-lood","tag-sadamasild","tag-top-stories","tag-topstories","tag-uldised-uudised","tag-uudised","tag-viimased-uudised"],"share_on_mastodon":{"url":"https:\/\/pubeurope.com\/@ee\/115893075102177432","error":""},"_links":{"self":[{"href":"https:\/\/www.europesays.com\/ee\/wp-json\/wp\/v2\/posts\/85094","targetHints":{"allow":["GET"]}}],"collection":[{"href":"https:\/\/www.europesays.com\/ee\/wp-json\/wp\/v2\/posts"}],"about":[{"href":"https:\/\/www.europesays.com\/ee\/wp-json\/wp\/v2\/types\/post"}],"author":[{"embeddable":true,"href":"https:\/\/www.europesays.com\/ee\/wp-json\/wp\/v2\/users\/2"}],"replies":[{"embeddable":true,"href":"https:\/\/www.europesays.com\/ee\/wp-json\/wp\/v2\/comments?post=85094"}],"version-history":[{"count":0,"href":"https:\/\/www.europesays.com\/ee\/wp-json\/wp\/v2\/posts\/85094\/revisions"}],"wp:featuredmedia":[{"embeddable":true,"href":"https:\/\/www.europesays.com\/ee\/wp-json\/wp\/v2\/media\/85095"}],"wp:attachment":[{"href":"https:\/\/www.europesays.com\/ee\/wp-json\/wp\/v2\/media?parent=85094"}],"wp:term":[{"taxonomy":"category","embeddable":true,"href":"https:\/\/www.europesays.com\/ee\/wp-json\/wp\/v2\/categories?post=85094"},{"taxonomy":"post_tag","embeddable":true,"href":"https:\/\/www.europesays.com\/ee\/wp-json\/wp\/v2\/tags?post=85094"}],"curies":[{"name":"wp","href":"https:\/\/api.w.org\/{rel}","templated":true}]}}