{"id":85140,"date":"2026-01-14T11:47:08","date_gmt":"2026-01-14T11:47:08","guid":{"rendered":"https:\/\/www.europesays.com\/ee\/85140\/"},"modified":"2026-01-14T11:47:08","modified_gmt":"2026-01-14T11:47:08","slug":"inkassode-ja-pankade-ootused-loodavale-krediidiregistrile-on-vastukaivad-majandus","status":"publish","type":"post","link":"https:\/\/www.europesays.com\/ee\/85140\/","title":{"rendered":"Inkassode ja pankade ootused loodavale krediidiregistrile on vastuk\u00e4ivad | Majandus"},"content":{"rendered":"<p>Pangad soovivad, et loodav krediidiregister hakkaks sisaldama infot ka inkassofirmadele m\u00fc\u00fcdud v\u00f5lan\u00f5uete kohta, sest muidu saaksid h\u00e4ttasattunud kliendid \u00fcha uusi laene v\u00f5tta, kuid inkassofirmad seisavad sellele vastu. Eeln\u00f5u kavandile laekunud tagasiside on vastuk\u00e4iv ja t\u00f5en\u00e4oliselt hakkab rahanduskomisjon k\u00fcsimust l\u00e4hitulevikus uuesti arutama.<\/p>\n<p>Idee positiivse krediidiregistri loomisest on k\u00fcpsenud aastaid ja selle eesm\u00e4rk on anda inimese tegelikust maksev\u00f5imest selgem pilt, et ta ei saaks end l\u00f5hki laenata. Register peaks koondama teavet inimese k\u00f5igi rahaliste kohustuste kohta, olgu selleks kodu- v\u00f5i tarbimislaenud, autoliisingud, j\u00e4relmaksud v\u00f5i ka kiirlaenud.<\/p>\n<p>Mullu kevadel algataski valitsus krediiditeaberegistri eeln\u00f5u ning see l\u00e4bis juunis esimese lugemise. M\u00f6\u00f6dunud aasta l\u00f5pus saatis rahandusministeerium k\u00f5igile osapooltele tagasiside andmiseks eeln\u00f5u kavandi. See n\u00e4gi ette, et ka inkassofirmad peaksid loodavale krediiditeaberegistrile info enda hallatavate eraisikute laenulepingute kohta edastama.<\/p>\n<p>Inkassofirmad aga endale sellist kohustust ei soovi. Aktiva Finace Groupi juhatuse liige Argo Virkebau, Julianos Inkasso juhatuse liige Merle Laurim\u00e4e ja Krediidiregister O\u00dc juhatuse liige Art Anderson saatsid rahandusministeeriumile eelmisel n\u00e4dalal \u00fchise p\u00f6\u00f6rdumise, kus avaldasid vastuseisu eeln\u00f5u kavandi sellele osale, mis puudutab inkassofirmade n\u00f5uet jagada infot tarbijakrediidilepingutest tulenevate v\u00f5lgade kohta.<\/p>\n<p>&#8220;Krediidiinkassod ja -ostjad ei s\u00f5lmi ise tarbijatega tarbijakrediidilepinguid ega osale lepingu t\u00e4itmises selle algsetel tingimustel,&#8221; p\u00f5hjendasid inkassofirmade esindajad.<\/p>\n<p>Nad selgitasid, et reeglina on tarbijakrediidilepingust tulenev n\u00f5ue, mida inkassofirmad haldavad v\u00f5i on omandanud, muutunud sissen\u00f5utavaks t\u00e4ies ulatuses, see aga t\u00e4hendab, et tarbijalaenulepingut ei t\u00e4ideta enam vastavalt algsele tagasimaksegraafikule, vaid tegu on lepingu rikkumisest v\u00f5i ennet\u00e4htaegsest l\u00f5petamisest tuleneva kogu kohustuse sissen\u00f5udmisega.<\/p>\n<p>Inkassofirmade s\u00f5nul pole krediidiinkassodel seet\u00f5ttu v\u00f5imalust pidada arvestust selliste andmete \u00fcle, mis eeldavad kehtiva tagasimaksegraafiku ja jooksvate lepinguliste maksekohustuste olemasolu.<\/p>\n<p>&#8220;Kokkuv\u00f5ttes krediiditeabe jagamise seaduse loogika ja andmekoosseis ei ole sobivad makseh\u00e4irete avaldamise reguleerimiseks krediidiinkassode ja -ostjate puhul,&#8221; teatasid Virkebau, Laurim\u00e4e ja Anderson.<\/p>\n<p>Lisaks t\u00f5id nad v\u00e4lja, et makseh\u00e4irete avaldamise praktika ja kord on v\u00e4lja kujunenud 30 aasta jooksul ja selles valdkonnas pole laiemaid muresid ehk teisis\u00f5nu puudub probleem, mida krediiditeabe seadusega lahendada.<\/p>\n<p>Pankade arusaam on vastupidine: pangaliidu tegevjuht Katrin Talih\u00e4rm on varem v\u00e4lja toonud, et ehkki inkassod t\u00f5epoolest ise tarbijakrediidilepinguid ei s\u00f5lmi, on tarbijakrediidilepingutest tulenevad n\u00f5uded, mida inkassofirmad ostavad ja haldavad, oma olemuselt siiski tarbijakrediit.<\/p>\n<p>&#8220;Kui isik tasub inkassole graafikuj\u00e4rgselt ja makseh\u00e4iret ei teki, n\u00f5uet makseh\u00e4ireregistris ei kuvata. \u00d5igusloomes hetkel kehtivale praktikale<br \/>tuginemine loob soodsa pinnase l\u00fcnkade tekkeks ja niisugust l\u00fcnklikku \u00f5igusloomet tuleks v\u00e4ltida,&#8221; r\u00f5hutas Talih\u00e4rm mullu rahanduskomisjonile saadetud arvamuses eeln\u00f5u kohta.<\/p>\n<p>Ta m\u00e4rkis, et kui v\u00f5lgnevusega kliendi n\u00f5ue on m\u00fc\u00fcdud inkassole, v\u00f5ib tal avaldada v\u00f5imalus v\u00f5tta lisaks veelgi laenu ja tema risk v\u00f5laorjusesse sattuda hoopis t\u00f5useb.<\/p>\n<p>&#8220;Leiame, et kuigi inkassod ei s\u00f5lmi formaalselt tarbijakrediidilepinguid, ei tohiks see piirata seadusandjat kohustamast neid registris kuvama tarbijakrediidilepingutest tulenevaid n\u00f5udeid,&#8221; teatas Talih\u00e4rm.<\/p>\n<p>Rahandusministeeriumi finantsteenuste poliitika osakonna juhataja aset\u00e4itja Thomas Auv\u00e4\u00e4rt \u00fctles ERR-ile, et praegu on keeruline \u00f6elda, millisel kujul v\u00f5iks kompromiss s\u00fcndida.<\/p>\n<p>&#8220;Eelmise n\u00e4dala l\u00f5puks laekus tagasiside, kuid kuna seda oli m\u00e4rkimisv\u00e4\u00e4rselt palju ning arvamused on \u00fcksteisele vastuk\u00e4ivad, siis selle l\u00e4bit\u00f6\u00f6tamine ja anal\u00fc\u00fcsimine veel k\u00e4ib,&#8221; t\u00f5des Auv\u00e4\u00e4rt.<\/p>\n<p>Rahanduskomisjoni esimees Annaly Akkermann \u00fctles <a href=\"https:\/\/arileht.delfi.ee\/artikkel\/120428417\/pangad-nouavad-ligipaasu-sinu-mustale-minevikule-kaua-oodatud-superregistri-saatus-ripub-juuksekarva-otsas\" target=\"_blank\" rel=\"noopener nofollow\">Delfile<\/a>, et inkassofirmadesse kadunud v\u00f5lad peaksid krediidiregistris tingimata kajastuma, sest suur osa laenuv\u00f5tjatest suudab ise vastutustundlikult k\u00e4ituda ja seiret vajab just see protsent inimestest, kelle laenud on juba inkassofirmadele m\u00fc\u00fcdud.<\/p>\n<p>&#8220;Kui me seda \u00fcht protsenti krediiditeaberegistri alusel paremini seirata ei suuda, pole registril ju m\u00f5tet. Veelgi enam, loome juurde tarbetut b\u00fcrokraatiat ja teeme kulutusi teabe kogumiseks, millel pole praktilist v\u00e4\u00e4rtust,&#8221; s\u00f5nas Akkermann.<\/p>\n<p>Kui veel kahe aasta eest lootis rahandusministeerium, et krediidiregister v\u00f5iks k\u00e4ivituda juba 2026. aastal, siis praeguseks ei ole eeln\u00f5uga edasi liikumise tempos selgust.<\/p>\n<p>Auv\u00e4\u00e4rt \u00fctles, et t\u00f5en\u00e4oliselt tuleb krediidiregistri teemal l\u00e4hitulevikus rahanduskomisjonis uus arutelu.<\/p>\n","protected":false},"excerpt":{"rendered":"Pangad soovivad, et loodav krediidiregister hakkaks sisaldama infot ka inkassofirmadele m\u00fc\u00fcdud v\u00f5lan\u00f5uete kohta, sest muidu saaksid h\u00e4ttasattunud kliendid&hellip;\n","protected":false},"author":2,"featured_media":58008,"comment_status":"","ping_status":"","sticky":false,"template":"","format":"standard","meta":{"footnotes":"","_share_on_mastodon":"0"},"categories":[5],"tags":[42212,26,27,37,33,35,34,36,31,32,21,42211,25872,42210,28,29,25871,19,35011,25,8676,1013,42213,42214,23,24,22,20,30],"class_list":["post-85140","post","type-post","status-publish","format-standard","has-post-thumbnail","category-uldised-uudised","tag-aktiva-finance-group","tag-breaking-news","tag-breakingnews","tag-ee","tag-eesti","tag-eesti-keel","tag-estonia","tag-estonian","tag-featured-news","tag-featurednews","tag-headlines","tag-inkassofirmad","tag-krediidiregister","tag-krediiditeaberegister","tag-latest-news","tag-latestnews","tag-maksehaired","tag-news","tag-pangaliit","tag-populaarseimad-lood","tag-rahanduskomisjon","tag-rahandusministeerium","tag-tarbijakrediidilepingud","tag-tarbijalaenud","tag-top-stories","tag-topstories","tag-uldised-uudised","tag-uudised","tag-viimased-uudised"],"share_on_mastodon":{"url":"","error":"Validation failed: Text character limit of 500 exceeded"},"_links":{"self":[{"href":"https:\/\/www.europesays.com\/ee\/wp-json\/wp\/v2\/posts\/85140","targetHints":{"allow":["GET"]}}],"collection":[{"href":"https:\/\/www.europesays.com\/ee\/wp-json\/wp\/v2\/posts"}],"about":[{"href":"https:\/\/www.europesays.com\/ee\/wp-json\/wp\/v2\/types\/post"}],"author":[{"embeddable":true,"href":"https:\/\/www.europesays.com\/ee\/wp-json\/wp\/v2\/users\/2"}],"replies":[{"embeddable":true,"href":"https:\/\/www.europesays.com\/ee\/wp-json\/wp\/v2\/comments?post=85140"}],"version-history":[{"count":0,"href":"https:\/\/www.europesays.com\/ee\/wp-json\/wp\/v2\/posts\/85140\/revisions"}],"wp:featuredmedia":[{"embeddable":true,"href":"https:\/\/www.europesays.com\/ee\/wp-json\/wp\/v2\/media\/58008"}],"wp:attachment":[{"href":"https:\/\/www.europesays.com\/ee\/wp-json\/wp\/v2\/media?parent=85140"}],"wp:term":[{"taxonomy":"category","embeddable":true,"href":"https:\/\/www.europesays.com\/ee\/wp-json\/wp\/v2\/categories?post=85140"},{"taxonomy":"post_tag","embeddable":true,"href":"https:\/\/www.europesays.com\/ee\/wp-json\/wp\/v2\/tags?post=85140"}],"curies":[{"name":"wp","href":"https:\/\/api.w.org\/{rel}","templated":true}]}}