{"id":85208,"date":"2026-01-14T13:10:08","date_gmt":"2026-01-14T13:10:08","guid":{"rendered":"https:\/\/www.europesays.com\/ee\/85208\/"},"modified":"2026-01-14T13:10:08","modified_gmt":"2026-01-14T13:10:08","slug":"foto-katy-perry-monules-oma-talvepuhkuse-ajal-eesti-disainkerisega-saunas","status":"publish","type":"post","link":"https:\/\/www.europesays.com\/ee\/85208\/","title":{"rendered":"FOTO | Katy Perry m\u00f5nules oma talvepuhkuse ajal Eesti disainkerisega saunas"},"content":{"rendered":"<p>Perry avaldas Instagramis pildiseeria oma puhkuseaegsest tegevusest, \u00fchel fotol paistis silma ka elektrikeris Huum. <\/p>\n<p>Perry pole ainus<\/p>\n<p>Matthew McConaughey abikaasa Camila Alves n\u00e4itas oma Instagrami kontol 2023. aastal, et nende tagahoovis ilutseb Iglucrafti saun. Tuli v\u00e4lja, et staarpaarile tutvustas Eesti toodangut ja pani nad iglusauna ostmisele m\u00f5tlema \u00fcks maailma kuulsamaid filmire\u017eiss\u00f6\u00f6re Guy Richie. Alves k\u00fcll lisas oma Iglucraftiga seotud postitusele, et ei saa selle eest mingit tasu, vaid on lihtsalt \u00f5nnelik, et neil selline saun on, ning soovitas seda teistelegi.<\/p>\n<p>Tuli v\u00e4lja ka see, et filmistaari abikaasal oli saanud harjumuseks sauna k\u00f5rval ka j\u00e4\u00e4vanni kasutada. \u201eK\u00fcmme minutit suutsin olla viiekraadises vannivees,\u201c teatas Camila oma viimasest saavutusest. Varem olevat ta suutnud k\u00fclmas vees olla ainult kolm kuni viis minutit.<\/p>\n<p>McCounaugheyd ja Richied pole ainsad kuulsad perekonnad, kelle tagaaiast Iglucrafti sauna v\u00f5ib leida. Samasugused pisikesed iglud on n\u00e4iteks ka David ja Victoria Beckhami ning Gordon Ramsey kodus.<\/p>\n<p>Kuidas see lugu Sind end tundma pani? Saada <a href=\"https:\/\/kroonika.delfi.ee\/artikkel\/120429378\/foto-katy-perry-monules-oma-talvepuhkuse-ajal-eesti-disainkerisega-saunas\/kommentaarid\" class=\"article-body-bottom__comment article-body-bottom__comment--write button button--primary button--size-auto\" rel=\"nofollow noopener\" target=\"_blank\"> Kommenteeri <\/a><a href=\"https:\/\/kroonika.delfi.ee\/artikkel\/120429378\/foto-katy-perry-monules-oma-talvepuhkuse-ajal-eesti-disainkerisega-saunas\/kommentaarid\" class=\"article-body-bottom__comment article-body-bottom__comment--read button button--size-auto\" rel=\"nofollow noopener\" target=\"_blank\"> Loe kommentaare (18)<\/a><\/p>\n","protected":false},"excerpt":{"rendered":"Perry avaldas Instagramis pildiseeria oma puhkuseaegsest tegevusest, \u00fchel fotol paistis silma ka elektrikeris Huum. Perry pole ainus Matthew&hellip;\n","protected":false},"author":2,"featured_media":85209,"comment_status":"","ping_status":"","sticky":false,"template":"","format":"standard","meta":{"footnotes":"","_share_on_mastodon":"0"},"categories":[16],"tags":[37,33,35,173,34,36,3250,140],"class_list":["post-85208","post","type-post","status-publish","format-standard","has-post-thumbnail","category-meelelahutus","tag-ee","tag-eesti","tag-eesti-keel","tag-entertainment","tag-estonia","tag-estonian","tag-katy-perry","tag-meelelahutus"],"share_on_mastodon":{"url":"https:\/\/pubeurope.com\/@ee\/115893621449263528","error":""},"_links":{"self":[{"href":"https:\/\/www.europesays.com\/ee\/wp-json\/wp\/v2\/posts\/85208","targetHints":{"allow":["GET"]}}],"collection":[{"href":"https:\/\/www.europesays.com\/ee\/wp-json\/wp\/v2\/posts"}],"about":[{"href":"https:\/\/www.europesays.com\/ee\/wp-json\/wp\/v2\/types\/post"}],"author":[{"embeddable":true,"href":"https:\/\/www.europesays.com\/ee\/wp-json\/wp\/v2\/users\/2"}],"replies":[{"embeddable":true,"href":"https:\/\/www.europesays.com\/ee\/wp-json\/wp\/v2\/comments?post=85208"}],"version-history":[{"count":0,"href":"https:\/\/www.europesays.com\/ee\/wp-json\/wp\/v2\/posts\/85208\/revisions"}],"wp:featuredmedia":[{"embeddable":true,"href":"https:\/\/www.europesays.com\/ee\/wp-json\/wp\/v2\/media\/85209"}],"wp:attachment":[{"href":"https:\/\/www.europesays.com\/ee\/wp-json\/wp\/v2\/media?parent=85208"}],"wp:term":[{"taxonomy":"category","embeddable":true,"href":"https:\/\/www.europesays.com\/ee\/wp-json\/wp\/v2\/categories?post=85208"},{"taxonomy":"post_tag","embeddable":true,"href":"https:\/\/www.europesays.com\/ee\/wp-json\/wp\/v2\/tags?post=85208"}],"curies":[{"name":"wp","href":"https:\/\/api.w.org\/{rel}","templated":true}]}}