{"id":85214,"date":"2026-01-14T13:13:07","date_gmt":"2026-01-14T13:13:07","guid":{"rendered":"https:\/\/www.europesays.com\/ee\/85214\/"},"modified":"2026-01-14T13:13:07","modified_gmt":"2026-01-14T13:13:07","slug":"trump-naitas-teda-soimanud-tehasetootajale-keskmist-sorme","status":"publish","type":"post","link":"https:\/\/www.europesays.com\/ee\/85214\/","title":{"rendered":"Trump n\u00e4itas teda s\u00f5imanud tehaset\u00f6\u00f6tajale keskmist s\u00f5rme"},"content":{"rendered":"<p>V\u00e4ljaanne TMZ teatas, et keegi h\u00fc\u00fcdis tehases midagi Trumpile. Kogu lausest on raske aru saada, aga n\u00e4ib, et muu jutu hulgas olid s\u00f5nad \u201epedophile protector\u201c (\u201epedofiilide kaitsja\u201c).<\/p>\n<p>\u201eF*** you!\u201c h\u00fc\u00fcdis Trump vastu ja n\u00e4itas juurde keskmist s\u00f5rme.<\/p>\n<p>\u201e\u00dcks kuut\u00f5bine karjus t\u00e4ielikus raevuhoos metsikult roppusi ning president andis asjakohase ja \u00fchem\u00f5ttelise vastuse,\u201c kommenteeris <a rel=\"noopener nofollow\" target=\"_blank\" href=\"https:\/\/www.delfi.ee\/teema\/82812661\/valge-maja\" tag-id=\"82812661\">Valge Maja<\/a> kommunikatsioonidirektor Steven Cheung.<\/p>\n<p>Kuidas see lugu Sind end tundma pani? Saada <a href=\"https:\/\/www.delfi.ee\/artikkel\/120429463\/trump-naitas-teda-soimanud-tehasetootajale-keskmist-sorme\/kommentaarid\" class=\"article-body-bottom__comment article-body-bottom__comment--write button button--primary button--size-auto\" rel=\"nofollow noopener\" target=\"_blank\"> Kommenteeri <\/a><a href=\"https:\/\/www.delfi.ee\/artikkel\/120429463\/trump-naitas-teda-soimanud-tehasetootajale-keskmist-sorme\/kommentaarid\" class=\"article-body-bottom__comment article-body-bottom__comment--read button button--size-auto\" rel=\"nofollow noopener\" target=\"_blank\"> Loe kommentaare (2)<\/a><\/p>\n","protected":false},"excerpt":{"rendered":"V\u00e4ljaanne TMZ teatas, et keegi h\u00fc\u00fcdis tehases midagi Trumpile. Kogu lausest on raske aru saada, aga n\u00e4ib, et&hellip;\n","protected":false},"author":2,"featured_media":85215,"comment_status":"","ping_status":"","sticky":false,"template":"","format":"standard","meta":{"footnotes":"","_share_on_mastodon":"0"},"categories":[80],"tags":[26,27,324,37,33,35,34,36,31,32,42252,21,8614,28,29,95,5550,19,25,23,24,22,325,20,1900,30,92,93,94],"class_list":["post-85214","post","type-post","status-publish","format-standard","has-post-thumbnail","category-maailm","tag-breaking-news","tag-breakingnews","tag-donald-trump","tag-ee","tag-eesti","tag-eesti-keel","tag-estonia","tag-estonian","tag-featured-news","tag-featurednews","tag-ford-autotootja","tag-headlines","tag-jeffrey-epstein","tag-latest-news","tag-latestnews","tag-maailm","tag-michigan","tag-news","tag-populaarseimad-lood","tag-top-stories","tag-topstories","tag-uldised-uudised","tag-usa","tag-uudised","tag-valge-maja","tag-viimased-uudised","tag-world","tag-world-news","tag-worldnews"],"share_on_mastodon":{"url":"https:\/\/pubeurope.com\/@ee\/115893633285518446","error":""},"_links":{"self":[{"href":"https:\/\/www.europesays.com\/ee\/wp-json\/wp\/v2\/posts\/85214","targetHints":{"allow":["GET"]}}],"collection":[{"href":"https:\/\/www.europesays.com\/ee\/wp-json\/wp\/v2\/posts"}],"about":[{"href":"https:\/\/www.europesays.com\/ee\/wp-json\/wp\/v2\/types\/post"}],"author":[{"embeddable":true,"href":"https:\/\/www.europesays.com\/ee\/wp-json\/wp\/v2\/users\/2"}],"replies":[{"embeddable":true,"href":"https:\/\/www.europesays.com\/ee\/wp-json\/wp\/v2\/comments?post=85214"}],"version-history":[{"count":0,"href":"https:\/\/www.europesays.com\/ee\/wp-json\/wp\/v2\/posts\/85214\/revisions"}],"wp:featuredmedia":[{"embeddable":true,"href":"https:\/\/www.europesays.com\/ee\/wp-json\/wp\/v2\/media\/85215"}],"wp:attachment":[{"href":"https:\/\/www.europesays.com\/ee\/wp-json\/wp\/v2\/media?parent=85214"}],"wp:term":[{"taxonomy":"category","embeddable":true,"href":"https:\/\/www.europesays.com\/ee\/wp-json\/wp\/v2\/categories?post=85214"},{"taxonomy":"post_tag","embeddable":true,"href":"https:\/\/www.europesays.com\/ee\/wp-json\/wp\/v2\/tags?post=85214"}],"curies":[{"name":"wp","href":"https:\/\/api.w.org\/{rel}","templated":true}]}}