{"id":85301,"date":"2026-01-14T14:42:21","date_gmt":"2026-01-14T14:42:21","guid":{"rendered":"https:\/\/www.europesays.com\/ee\/85301\/"},"modified":"2026-01-14T14:42:21","modified_gmt":"2026-01-14T14:42:21","slug":"leisi-kool-on-neljapaeval-ja-reedel-suletud-et-piirata-viiruste-levikut","status":"publish","type":"post","link":"https:\/\/www.europesays.com\/ee\/85301\/","title":{"rendered":"Leisi kool on neljap\u00e4eval ja reedel suletud, et piirata viiruste levikut"},"content":{"rendered":"<p class=\"MsoNormal\">Leisi kool on neljap\u00e4eval ja reedel suletud, et piirata ulatuslikku viirushaiguste levikut. Koolimajas toimub sel ajal p\u00f5hjalik desinfitseerimine ning \u00f5ppet\u00f6\u00f6 on korraldatud prof\u00fclaktilise kodu\u00f5ppena. Tavap\u00e4rane koolit\u00f6\u00f6 peaks j\u00e4tkuma esmasp\u00e4eval.<\/p>\n<p class=\"MsoNormal\">Lisaks tavap\u00e4rasele \u00f5ppet\u00f6\u00f6le on p\u00fchap\u00e4evani peatatud ka k\u00f5ik ringitegevused, sealhulgas t\u00e4iskasvanutele m\u00f5eldud ringid. Koolimaja on suletud, kuid ujula j\u00e4\u00e4b avatuks \u2013 sinna p\u00e4\u00e4seb ainult tagauksest.<\/p>\n","protected":false},"excerpt":{"rendered":"Leisi kool on neljap\u00e4eval ja reedel suletud, et piirata ulatuslikku viirushaiguste levikut. Koolimajas toimub sel ajal p\u00f5hjalik desinfitseerimine&hellip;\n","protected":false},"author":2,"featured_media":85302,"comment_status":"","ping_status":"","sticky":false,"template":"","format":"standard","meta":{"footnotes":"","_share_on_mastodon":"0"},"categories":[12],"tags":[26,27,6963,37,33,35,34,36,31,32,19583,21,42295,28,29,4038,19,25,23,24,22,20,30],"class_list":["post-85301","post","type-post","status-publish","format-standard","has-post-thumbnail","category-eesti","tag-breaking-news","tag-breakingnews","tag-covid","tag-ee","tag-eesti","tag-eesti-keel","tag-estonia","tag-estonian","tag-featured-news","tag-featurednews","tag-gripp","tag-headlines","tag-helle-kahm","tag-latest-news","tag-latestnews","tag-leisi","tag-news","tag-populaarseimad-lood","tag-top-stories","tag-topstories","tag-uldised-uudised","tag-uudised","tag-viimased-uudised"],"share_on_mastodon":{"url":"https:\/\/pubeurope.com\/@ee\/115893983200915037","error":""},"_links":{"self":[{"href":"https:\/\/www.europesays.com\/ee\/wp-json\/wp\/v2\/posts\/85301","targetHints":{"allow":["GET"]}}],"collection":[{"href":"https:\/\/www.europesays.com\/ee\/wp-json\/wp\/v2\/posts"}],"about":[{"href":"https:\/\/www.europesays.com\/ee\/wp-json\/wp\/v2\/types\/post"}],"author":[{"embeddable":true,"href":"https:\/\/www.europesays.com\/ee\/wp-json\/wp\/v2\/users\/2"}],"replies":[{"embeddable":true,"href":"https:\/\/www.europesays.com\/ee\/wp-json\/wp\/v2\/comments?post=85301"}],"version-history":[{"count":0,"href":"https:\/\/www.europesays.com\/ee\/wp-json\/wp\/v2\/posts\/85301\/revisions"}],"wp:featuredmedia":[{"embeddable":true,"href":"https:\/\/www.europesays.com\/ee\/wp-json\/wp\/v2\/media\/85302"}],"wp:attachment":[{"href":"https:\/\/www.europesays.com\/ee\/wp-json\/wp\/v2\/media?parent=85301"}],"wp:term":[{"taxonomy":"category","embeddable":true,"href":"https:\/\/www.europesays.com\/ee\/wp-json\/wp\/v2\/categories?post=85301"},{"taxonomy":"post_tag","embeddable":true,"href":"https:\/\/www.europesays.com\/ee\/wp-json\/wp\/v2\/tags?post=85301"}],"curies":[{"name":"wp","href":"https:\/\/api.w.org\/{rel}","templated":true}]}}