{"id":85350,"date":"2026-01-14T15:47:11","date_gmt":"2026-01-14T15:47:11","guid":{"rendered":"https:\/\/www.europesays.com\/ee\/85350\/"},"modified":"2026-01-14T15:47:11","modified_gmt":"2026-01-14T15:47:11","slug":"jeremy-clarkson-avameelselt-oma-aridest-olukord-on-usna-troostitu","status":"publish","type":"post","link":"https:\/\/www.europesays.com\/ee\/85350\/","title":{"rendered":"Jeremy Clarkson avameelselt oma \u00e4ridest: olukord on \u00fcsna tr\u00f6\u00f6stitu"},"content":{"rendered":"<p>Saate \u00abClarksoni farm\u00bb t\u00e4ht Jeremy Clarkson r\u00e4\u00e4kis avameelselt oma pubi The Farmer\u2019s Dog k\u00e4ek\u00e4igust, kritiseerides teravalt Briti leiboristliku partei plaani t\u00f5sta \u00e4rikinnisvaramaksu. 65-aastane saatejuht avas oma toidukoha 2024. aastal, kuid tunnistab n\u00fc\u00fcd, et on sattunud \u00fcsna t\u00e4barasse seisu, vahendab The Standard.<\/p>\n<p>Clarksoni s\u00f5nul on peamiseks murekohaks just h\u00fcppeliselt kasvavad maksud \u2013 mure, mida jagab ka teine kuulus pubiomanik, tippkokk Tom Kerridge.<\/p>\n","protected":false},"excerpt":{"rendered":"Saate \u00abClarksoni farm\u00bb t\u00e4ht Jeremy Clarkson r\u00e4\u00e4kis avameelselt oma pubi The Farmer\u2019s Dog k\u00e4ek\u00e4igust, kritiseerides teravalt Briti leiboristliku&hellip;\n","protected":false},"author":2,"featured_media":85351,"comment_status":"","ping_status":"","sticky":false,"template":"","format":"standard","meta":{"footnotes":"","_share_on_mastodon":"0"},"categories":[80],"tags":[26,27,42307,37,33,35,34,36,31,32,21,28,29,95,778,42306,19,25,42305,397,25034,42308,23,24,22,20,1012,30,92,93,94],"class_list":["post-85350","post","type-post","status-publish","format-standard","has-post-thumbnail","category-maailm","tag-breaking-news","tag-breakingnews","tag-clarkson","tag-ee","tag-eesti","tag-eesti-keel","tag-estonia","tag-estonian","tag-featured-news","tag-featurednews","tag-headlines","tag-latest-news","tag-latestnews","tag-maailm","tag-maksud","tag-marlow","tag-news","tag-populaarseimad-lood","tag-sir-keir-starmer","tag-sotsiaalmeedia","tag-the-farmers-dog","tag-tom-kerridge","tag-top-stories","tag-topstories","tag-uldised-uudised","tag-uudised","tag-valitsus","tag-viimased-uudised","tag-world","tag-world-news","tag-worldnews"],"share_on_mastodon":{"url":"https:\/\/pubeurope.com\/@ee\/115894238830997901","error":""},"_links":{"self":[{"href":"https:\/\/www.europesays.com\/ee\/wp-json\/wp\/v2\/posts\/85350","targetHints":{"allow":["GET"]}}],"collection":[{"href":"https:\/\/www.europesays.com\/ee\/wp-json\/wp\/v2\/posts"}],"about":[{"href":"https:\/\/www.europesays.com\/ee\/wp-json\/wp\/v2\/types\/post"}],"author":[{"embeddable":true,"href":"https:\/\/www.europesays.com\/ee\/wp-json\/wp\/v2\/users\/2"}],"replies":[{"embeddable":true,"href":"https:\/\/www.europesays.com\/ee\/wp-json\/wp\/v2\/comments?post=85350"}],"version-history":[{"count":0,"href":"https:\/\/www.europesays.com\/ee\/wp-json\/wp\/v2\/posts\/85350\/revisions"}],"wp:featuredmedia":[{"embeddable":true,"href":"https:\/\/www.europesays.com\/ee\/wp-json\/wp\/v2\/media\/85351"}],"wp:attachment":[{"href":"https:\/\/www.europesays.com\/ee\/wp-json\/wp\/v2\/media?parent=85350"}],"wp:term":[{"taxonomy":"category","embeddable":true,"href":"https:\/\/www.europesays.com\/ee\/wp-json\/wp\/v2\/categories?post=85350"},{"taxonomy":"post_tag","embeddable":true,"href":"https:\/\/www.europesays.com\/ee\/wp-json\/wp\/v2\/tags?post=85350"}],"curies":[{"name":"wp","href":"https:\/\/api.w.org\/{rel}","templated":true}]}}