{"id":85508,"date":"2026-01-14T19:38:06","date_gmt":"2026-01-14T19:38:06","guid":{"rendered":"https:\/\/www.europesays.com\/ee\/85508\/"},"modified":"2026-01-14T19:38:06","modified_gmt":"2026-01-14T19:38:06","slug":"err-ukrainas-kramatorskist-on-saanud-pogenike-transiidikeskus-valismaa","status":"publish","type":"post","link":"https:\/\/www.europesays.com\/ee\/85508\/","title":{"rendered":"ERR Ukrainas: Kramatorskist on saanud p\u00f5genike transiidikeskus | V\u00e4lismaa"},"content":{"rendered":"<p>Kui 2014. aastal kaotas Ukraina kontrolli Donetski linna \u00fcle, sai Donetski oblasti mitteametlikuks keskuseks Kramatorsk. Praegu on see linn muutunud transiidikeskuseks, kust viiakse p\u00f5genikke ohutumatesse piirkondadesse.<\/p>\n<p>Kramatorsk on suurim Donetski oblasti linn, mis j\u00e4\u00e4b Ukraina kontrolli alla ja ka venelaste tule alla. Pidevate elektrikatkestuste t\u00f5ttu ei ole paljudes linnaosades mitte ainult elektrit, vaid ka muid mugavusi.<\/p>\n<p>&#8220;Kaks v\u00f5i kolm \u00f6\u00f6p\u00e4eva ei olnud elektrit &#8211; kuidas kellelgi. Raske on ilma elektrita. Mul on elektriboiler ja k\u00f5ik s\u00f5ltub elektrist. Generaatorit oleks vaja, aga see on praegu v\u00e4ga kallis,&#8221; lausus kohalik elanik Jana.<\/p>\n<p>T\u00e4iemahulise s\u00f5ja alguses hakkasid inimesed Kramatorskist ja l\u00e4hematest asulatest \u00e4ra minema.<\/p>\n<p>&#8220;Praegu kuivas p\u00f5genike vool natuke kokku, sest k\u00f5ik ootavad l\u00e4bir\u00e4\u00e4kimisi, aga \u00fcldiselt viime kuni paarsada inimest korraga,&#8221; \u00fctles vabatahtlik Valeri.<\/p>\n<p>&#8220;Me elame 14-korruselises majas, elektrit ei ole. Gaasiga on ka probleemid, s\u00fc\u00fca teha ei saa. Raske ja muidugi hirmus. V\u00e4ga hirmus,&#8221; s\u00f5nas kohalik Jelena.<\/p>\n<p>&#8220;Linn j\u00e4i t\u00fchjaks. Ma autode j\u00e4rgi vaatan \u2013 autosid on v\u00e4ga v\u00e4he alles. \u00c4ra l\u00e4hevad need, kellel on kuhu minna, kellel on raha ja kellel on l\u00e4hedased kuskil. \u00dclej\u00e4\u00e4nud mass &#8211; vanaemad ja vanaisad &#8211; j\u00e4\u00e4vad k\u00fcll siia istuma,&#8221; \u00fctles vabatahtlik Ihor.<\/p>\n<p>Need, kes on saanud Venemaa l\u00f6\u00f6kide t\u00f5ttu haavata, on tihti kaotanud ka oma kodu ning peale raviasutusest v\u00e4ljakirjutamist pole neil enam kuhugi minna.<\/p>\n<p>&#8220;Mind kirjutati v\u00e4lja ja s\u00f5itsin Slovjanskist M\u00f5kolajivkasse. Sealt l\u00e4ksin jala koju. Raske oli. K\u00f5ndisin kolm tundi. J\u00f5udsin koju \u2013 k\u00f6\u00f6k oli p\u00f5lenud, kuur oli p\u00f5lenud. K\u00f5ik oli segamini. Marod\u00f6\u00f6rid olid ka ilmselt k\u00e4inud. Oma dokumente ma ei leidnudki,&#8221; lausus kohalik Pavel.<\/p>\n<p>L\u00f5puks evakueerisid Paveli vabatahtlikud, kes ootab p\u00f5genikekeskuses uusi dokumente ja et ta saadetaks rindejoonest kaugemale.<\/p>\n","protected":false},"excerpt":{"rendered":"Kui 2014. aastal kaotas Ukraina kontrolli Donetski linna \u00fcle, sai Donetski oblasti mitteametlikuks keskuseks Kramatorsk. Praegu on see&hellip;\n","protected":false},"author":2,"featured_media":85509,"comment_status":"","ping_status":"","sticky":false,"template":"","format":"standard","meta":{"footnotes":"","_share_on_mastodon":"0"},"categories":[80],"tags":[26,27,4556,3912,37,33,35,34,36,31,32,21,8851,28,29,95,19,25,7384,23,24,262,124,22,20,30,92,93,94],"class_list":["post-85508","post","type-post","status-publish","format-standard","has-post-thumbnail","category-maailm","tag-breaking-news","tag-breakingnews","tag-donetsk","tag-donetski-oblast","tag-ee","tag-eesti","tag-eesti-keel","tag-estonia","tag-estonian","tag-featured-news","tag-featurednews","tag-headlines","tag-kramatorsk","tag-latest-news","tag-latestnews","tag-maailm","tag-news","tag-populaarseimad-lood","tag-sojapogenikud","tag-top-stories","tag-topstories","tag-ukraina","tag-ukraina-soda","tag-uldised-uudised","tag-uudised","tag-viimased-uudised","tag-world","tag-world-news","tag-worldnews"],"share_on_mastodon":{"url":"https:\/\/pubeurope.com\/@ee\/115895147117259290","error":""},"_links":{"self":[{"href":"https:\/\/www.europesays.com\/ee\/wp-json\/wp\/v2\/posts\/85508","targetHints":{"allow":["GET"]}}],"collection":[{"href":"https:\/\/www.europesays.com\/ee\/wp-json\/wp\/v2\/posts"}],"about":[{"href":"https:\/\/www.europesays.com\/ee\/wp-json\/wp\/v2\/types\/post"}],"author":[{"embeddable":true,"href":"https:\/\/www.europesays.com\/ee\/wp-json\/wp\/v2\/users\/2"}],"replies":[{"embeddable":true,"href":"https:\/\/www.europesays.com\/ee\/wp-json\/wp\/v2\/comments?post=85508"}],"version-history":[{"count":0,"href":"https:\/\/www.europesays.com\/ee\/wp-json\/wp\/v2\/posts\/85508\/revisions"}],"wp:featuredmedia":[{"embeddable":true,"href":"https:\/\/www.europesays.com\/ee\/wp-json\/wp\/v2\/media\/85509"}],"wp:attachment":[{"href":"https:\/\/www.europesays.com\/ee\/wp-json\/wp\/v2\/media?parent=85508"}],"wp:term":[{"taxonomy":"category","embeddable":true,"href":"https:\/\/www.europesays.com\/ee\/wp-json\/wp\/v2\/categories?post=85508"},{"taxonomy":"post_tag","embeddable":true,"href":"https:\/\/www.europesays.com\/ee\/wp-json\/wp\/v2\/tags?post=85508"}],"curies":[{"name":"wp","href":"https:\/\/api.w.org\/{rel}","templated":true}]}}