{"id":85569,"date":"2026-01-14T22:10:30","date_gmt":"2026-01-14T22:10:30","guid":{"rendered":"https:\/\/www.europesays.com\/ee\/85569\/"},"modified":"2026-01-14T22:10:30","modified_gmt":"2026-01-14T22:10:30","slug":"galerii-suurtoetaja-kaotanud-m-spordi-2026-disain-meenutab-martini-legendaarset-fordi","status":"publish","type":"post","link":"https:\/\/www.europesays.com\/ee\/85569\/","title":{"rendered":"GALERII: Suurtoetaja kaotanud M-Spordi 2026 disain meenutab M\u00e4rtini legendaarset Fordi"},"content":{"rendered":"<p>M-Sport Fordi meeskond t\u00f5mbas t\u00e4na katte oma 2026. aasta hooaja v\u00f5istlusmasinalt. T\u00e4navune Puma Rally1 ei ole pelgalt j\u00e4rjekordne v\u00e4rviv\u00e4rskendus, vaid kannab endas nii nostalgiat kui ka olulisi muudatusi toetajate nimekirjas.<\/p>\n<p>M-Sport on tuntud oma loomingulise l\u00e4henemise poolest ja ka seekord ei petetud ootusi. Kui viimastel aastatel on harjutud n\u00e4gema tumedamaid ja elektrisiniseid toone, siis 2026. aasta masin on saanud lumivalge p\u00f5hja, mida v\u00fcrtsitavad rohelised, sinised ja kollased detailid.<\/p>\n<p>Teravam silm m\u00e4rkab siin kohe seost ajalooga: uus v\u00e4rvilahendus on kummardus kahe aastak\u00fcmne tagusele ajale, meenutades 2004.\u20132005. aasta Focus WRC masinaid, millega kihutasid teiste seas Markko M\u00e4rtin ja Toni Gardemeister.<\/p>\n<p>\u00a0<\/p>\n<p><img loading=\"lazy\" decoding=\"async\" class=\"aligncenter wp-image-145080 size-jnews-featured-750\" src=\"https:\/\/www.europesays.com\/ee\/wp-content\/uploads\/2026\/01\/WRC-47-1140x760-1-750x500.jpg\" alt=\"\" width=\"750\" height=\"500\"  \/><\/p>\n<p>Suurim puuduja: kuhu kadus Red Bull?<\/p>\n<p>V\u00f5ib-olla k\u00f5ige silmapaistvam muudatus auto v\u00e4limuses on \u00fche ikoonilise logo puudumine. Aastaid M-Spordi masinaid kaunistanud energiajoogigigandi Red Bulli s\u00fcmboolikat uuel Pumal enam ei kohta.<\/p>\n<p>See m\u00e4rgib olulist nihet j\u00f5ujoonte jaotuses, kuna Red Bulli logod on sel hooajal kolinud eksklusiivselt valitseva maailmameistri S\u00e9bastien Ogier\u2019 Toyota GR Yaris Rally1 peale. Red Bulli t\u00fchimiku t\u00e4idavad n\u00fc\u00fcd m\u00e4rksa silmapaistvamad MS-RT (M-Sport Rally Team) kirjad ning j\u00f5ulisemalt on esindatud ka pikaaegne partner Safety Culture, kelle logod ilutsevad nii kapotil kui auto tagaosal.<\/p>\n<p><img loading=\"lazy\" decoding=\"async\" class=\"aligncenter size-jnews-featured-750 wp-image-145085\" src=\"https:\/\/www.europesays.com\/ee\/wp-content\/uploads\/2026\/01\/WRC-59-1140x760-1-750x500.jpg\" alt=\"\" width=\"750\" height=\"500\"  \/><\/p>\n<p>Iiri veri ja Castroli klassika<\/p>\n<p>Kuna M-Spordi t\u00e4ishooaega juhivad sel aastal Motorsport Ireland Rally Academy kasvandikud Josh McErlean ja Jon Armstrong, on iirlaste m\u00f5ju tunda ka auto disainis. Rohelised ja sinised aktsendid masina esiosas viitavad just akadeemia v\u00e4rvidele, mida McErlean kasutas juba enne p\u00f5hiv\u00f5istkonnaga liitumist.<\/p>\n<p>Loomulikult on oma koha s\u00e4ilitanud ka Castrol, kelle s\u00fcmboolika sobitub uue v\u00e4rvigammaga valatult.<\/p>\n<p><img loading=\"lazy\" decoding=\"async\" class=\"aligncenter size-jnews-featured-750 wp-image-145079\" src=\"https:\/\/www.europesays.com\/ee\/wp-content\/uploads\/2026\/01\/WRC-32-1140x760-1-750x500.jpg\" alt=\"\" width=\"750\" height=\"500\"  \/><\/p>\n<p><img loading=\"lazy\" decoding=\"async\" class=\"aligncenter size-jnews-featured-750 wp-image-145088\" src=\"https:\/\/www.europesays.com\/ee\/wp-content\/uploads\/2026\/01\/WRC-56-1140x760-2-750x500.jpg\" alt=\"\" width=\"750\" height=\"500\"  \/> <img loading=\"lazy\" decoding=\"async\" class=\"aligncenter size-jnews-featured-750 wp-image-145084\" src=\"https:\/\/www.europesays.com\/ee\/wp-content\/uploads\/2026\/01\/WRC-62-1140x760-1-750x500.jpg\" alt=\"\" width=\"750\" height=\"500\"  \/><\/p>\n<blockquote class=\"instagram-media\" style=\"background: #FFF; border: 0; border-radius: 3px; box-shadow: 0 0 1px 0 rgba(0,0,0,0.5),0 1px 10px 0 rgba(0,0,0,0.15); margin: 1px; max-width: 540px; min-width: 326px; padding: 0; width: calc(100% - 2px);\" data-instgrm-captioned=\"\" data-instgrm-permalink=\"https:\/\/www.instagram.com\/p\/DTfFETaDsnM\/?utm_source=ig_embed&amp;utm_campaign=loading\" data-instgrm-version=\"14\"\/>\n<blockquote class=\"twitter-tweet\" data-media-max-width=\"560\">\n<p dir=\"ltr\" lang=\"en\">2\ufe0f\u20e30\ufe0f\u20e32\ufe0f\u20e36\ufe0f\u20e3 looks like this \ud83c\uddee\ud83c\uddea \ud83c\uddee\ud83c\uddea \ud83d\udc4a<a href=\"https:\/\/twitter.com\/hashtag\/MIRallyAcademy?src=hash&amp;ref_src=twsrc%5Etfw\" rel=\"nofollow noopener\" target=\"_blank\">#MIRallyAcademy<\/a> <a href=\"https:\/\/twitter.com\/hashtag\/WRC?src=hash&amp;ref_src=twsrc%5Etfw\" rel=\"nofollow noopener\" target=\"_blank\">#WRC<\/a> <a href=\"https:\/\/twitter.com\/hashtag\/JM55?src=hash&amp;ref_src=twsrc%5Etfw\" rel=\"nofollow noopener\" target=\"_blank\">#JM55<\/a><a href=\"https:\/\/twitter.com\/MIRallyAcademy?ref_src=twsrc%5Etfw\" rel=\"nofollow noopener\" target=\"_blank\">@MIRallyAcademy<\/a> I <a href=\"https:\/\/twitter.com\/MSportLtd?ref_src=twsrc%5Etfw\" rel=\"nofollow noopener\" target=\"_blank\">@MSportLtd<\/a> I <a href=\"https:\/\/twitter.com\/SafetyCultureHQ?ref_src=twsrc%5Etfw\" rel=\"nofollow noopener\" target=\"_blank\">@SafetyCultureHQ<\/a> I <a href=\"https:\/\/twitter.com\/Castrol?ref_src=twsrc%5Etfw\" rel=\"nofollow noopener\" target=\"_blank\">@Castrol<\/a> I <a href=\"https:\/\/twitter.com\/eoin_a_treacy?ref_src=twsrc%5Etfw\" rel=\"nofollow noopener\" target=\"_blank\">@eoin_a_treacy<\/a> I <a href=\"https:\/\/twitter.com\/MotorsportIRL?ref_src=twsrc%5Etfw\" rel=\"nofollow noopener\" target=\"_blank\">@MotorsportIRL<\/a> <a href=\"https:\/\/t.co\/gCJiN2XrVE\" rel=\"nofollow\">pic.twitter.com\/gCJiN2XrVE<\/a><\/p>\n<p>\u2014 Josh McErlean (@JoshMcErlean5) <a href=\"https:\/\/twitter.com\/JoshMcErlean5\/status\/2011364430311719395?ref_src=twsrc%5Etfw\" rel=\"nofollow noopener\" target=\"_blank\">January 14, 2026<\/a><\/p>\n<\/blockquote>\n<p><a href=\"https:\/\/www.europesays.com\/ee\/wp-content\/uploads\/2026\/01\/WRC_-_3.jpg\"><img decoding=\"async\" src=\"https:\/\/www.europesays.com\/ee\/wp-content\/uploads\/2026\/01\/WRC_-_3.jpg\" alt=\"M-Sport Ford Puma 2026, Foto: M-Sport\" data-jg- \/>M-Sport Ford Puma 2026, Foto: M-Sport<\/a><a href=\"https:\/\/www.europesays.com\/ee\/wp-content\/uploads\/2026\/01\/WRC_-_4.jpg\"><img decoding=\"async\" src=\"https:\/\/www.europesays.com\/ee\/wp-content\/uploads\/2026\/01\/WRC_-_4.jpg\" alt=\"M-Sport Ford Puma 2026, Foto: M-Sport\" data-jg- \/>M-Sport Ford Puma 2026, Foto: M-Sport<\/a><a href=\"https:\/\/www.europesays.com\/ee\/wp-content\/uploads\/2026\/01\/WRC_-_5.jpg\"><img decoding=\"async\" src=\"https:\/\/www.europesays.com\/ee\/wp-content\/uploads\/2026\/01\/WRC_-_5.jpg\" alt=\"M-Sport Ford Puma 2026, Foto: M-Sport\" data-jg- \/>M-Sport Ford Puma 2026, Foto: M-Sport<\/a><a href=\"https:\/\/www.europesays.com\/ee\/wp-content\/uploads\/2026\/01\/WRC_-_6.jpg\"><img decoding=\"async\" src=\"https:\/\/www.europesays.com\/ee\/wp-content\/uploads\/2026\/01\/WRC_-_6.jpg\" alt=\"M-Sport Ford Puma 2026, Foto: M-Sport\" data-jg- \/>M-Sport Ford Puma 2026, Foto: M-Sport<\/a><a href=\"https:\/\/www.europesays.com\/ee\/wp-content\/uploads\/2026\/01\/WRC_-_7.jpg\"><img decoding=\"async\" src=\"https:\/\/www.europesays.com\/ee\/wp-content\/uploads\/2026\/01\/WRC_-_7.jpg\" alt=\"M-Sport Ford Puma 2026, Foto: M-Sport\" data-jg- \/>M-Sport Ford Puma 2026, Foto: M-Sport<\/a><a href=\"https:\/\/www.europesays.com\/ee\/wp-content\/uploads\/2026\/01\/WRC_-_8.jpg\"><img decoding=\"async\" src=\"https:\/\/www.europesays.com\/ee\/wp-content\/uploads\/2026\/01\/WRC_-_8.jpg\" alt=\"M-Sport Ford Puma 2026, Foto: M-Sport\" data-jg- \/>M-Sport Ford Puma 2026, Foto: M-Sport<\/a><a href=\"https:\/\/www.europesays.com\/ee\/wp-content\/uploads\/2026\/01\/WRC_-_9.jpg\"><img decoding=\"async\" src=\"https:\/\/www.europesays.com\/ee\/wp-content\/uploads\/2026\/01\/WRC_-_9.jpg\" alt=\"M-Sport Ford Puma 2026, Foto: M-Sport\" data-jg- \/>M-Sport Ford Puma 2026, Foto: M-Sport<\/a><a href=\"https:\/\/www.europesays.com\/ee\/wp-content\/uploads\/2026\/01\/WRC_-_11.jpg\"><img decoding=\"async\" src=\"https:\/\/www.europesays.com\/ee\/wp-content\/uploads\/2026\/01\/WRC_-_11.jpg\" alt=\"M-Sport Ford Puma 2026, Foto: M-Sport\" data-jg- \/>M-Sport Ford Puma 2026, Foto: M-Sport<\/a><a href=\"https:\/\/www.europesays.com\/ee\/wp-content\/uploads\/2026\/01\/WRC_-_13.jpg\"><img decoding=\"async\" src=\"https:\/\/www.europesays.com\/ee\/wp-content\/uploads\/2026\/01\/WRC_-_13.jpg\" alt=\"M-Sport Ford Puma 2026, Foto: M-Sport\" data-jg- \/>M-Sport Ford Puma 2026, Foto: M-Sport<\/a><a href=\"https:\/\/www.europesays.com\/ee\/wp-content\/uploads\/2026\/01\/WRC_-_14.jpg\"><img decoding=\"async\" src=\"https:\/\/www.europesays.com\/ee\/wp-content\/uploads\/2026\/01\/WRC_-_14.jpg\" alt=\"M-Sport Ford Puma 2026, Foto: M-Sport\" data-jg- \/>M-Sport Ford Puma 2026, Foto: M-Sport<\/a><a href=\"https:\/\/www.europesays.com\/ee\/wp-content\/uploads\/2026\/01\/WRC_-_15.jpg\"><img decoding=\"async\" src=\"https:\/\/www.europesays.com\/ee\/wp-content\/uploads\/2026\/01\/WRC_-_15.jpg\" alt=\"M-Sport Ford Puma 2026, Foto: M-Sport\" data-jg- \/>M-Sport Ford Puma 2026, Foto: M-Sport<\/a><a href=\"https:\/\/www.europesays.com\/ee\/wp-content\/uploads\/2026\/01\/WRC_-_16.jpg\"><img decoding=\"async\" src=\"https:\/\/www.europesays.com\/ee\/wp-content\/uploads\/2026\/01\/WRC_-_16.jpg\" alt=\"M-Sport Ford Puma 2026, Foto: M-Sport\" data-jg- \/>M-Sport Ford Puma 2026, Foto: M-Sport<\/a><a href=\"https:\/\/www.europesays.com\/ee\/wp-content\/uploads\/2026\/01\/WRC_-_18.jpg\"><img decoding=\"async\" src=\"https:\/\/www.europesays.com\/ee\/wp-content\/uploads\/2026\/01\/WRC_-_18.jpg\" alt=\"M-Sport Ford Puma 2026, Foto: M-Sport\" data-jg- \/>M-Sport Ford Puma 2026, Foto: M-Sport<\/a><a href=\"https:\/\/www.europesays.com\/ee\/wp-content\/uploads\/2026\/01\/WRC_-_19.jpg\"><img decoding=\"async\" src=\"https:\/\/www.europesays.com\/ee\/wp-content\/uploads\/2026\/01\/WRC_-_19.jpg\" alt=\"M-Sport Ford Puma 2026, Foto: M-Sport\" data-jg- \/>M-Sport Ford Puma 2026, Foto: M-Sport<\/a><a href=\"https:\/\/www.europesays.com\/ee\/wp-content\/uploads\/2026\/01\/WRC_-_20.jpg\"><img decoding=\"async\" src=\"https:\/\/www.europesays.com\/ee\/wp-content\/uploads\/2026\/01\/WRC_-_20.jpg\" alt=\"M-Sport Ford Puma 2026, Foto: M-Sport\" data-jg- \/>M-Sport Ford Puma 2026, Foto: M-Sport<\/a><a href=\"https:\/\/www.europesays.com\/ee\/wp-content\/uploads\/2026\/01\/WRC_-_21.jpg\"><img decoding=\"async\" src=\"https:\/\/www.europesays.com\/ee\/wp-content\/uploads\/2026\/01\/WRC_-_21.jpg\" alt=\"M-Sport Ford Puma 2026, Foto: M-Sport\" data-jg- \/>M-Sport Ford Puma 2026, Foto: M-Sport<\/a><a href=\"https:\/\/www.europesays.com\/ee\/wp-content\/uploads\/2026\/01\/WRC_-_22.jpg\"><img decoding=\"async\" src=\"https:\/\/www.europesays.com\/ee\/wp-content\/uploads\/2026\/01\/WRC_-_22.jpg\" alt=\"M-Sport Ford Puma 2026, Foto: M-Sport\" data-jg- \/>M-Sport Ford Puma 2026, Foto: M-Sport<\/a><a href=\"https:\/\/www.europesays.com\/ee\/wp-content\/uploads\/2026\/01\/WRC-73-1140x760-2.jpg\"><img decoding=\"async\" src=\"https:\/\/www.europesays.com\/ee\/wp-content\/uploads\/2026\/01\/WRC-73-1140x760-2.jpg\" alt=\"M-Sport Ford Puma 2026, Foto: M-Sport\" data-jg- \/>M-Sport Ford Puma 2026, Foto: M-Sport<\/a><script async src=\"https:\/\/platform.twitter.com\/widgets.js\" charset=\"utf-8\"><\/script><script async src=\"\/\/www.instagram.com\/embed.js\"><\/script><\/p>\n","protected":false},"excerpt":{"rendered":"M-Sport Fordi meeskond t\u00f5mbas t\u00e4na katte oma 2026. aasta hooaja v\u00f5istlusmasinalt. T\u00e4navune Puma Rally1 ei ole pelgalt j\u00e4rjekordne&hellip;\n","protected":false},"author":2,"featured_media":85570,"comment_status":"","ping_status":"","sticky":false,"template":"","format":"standard","meta":{"footnotes":"","_share_on_mastodon":"0"},"categories":[18],"tags":[37,33,35,34,36,42393,2013,159,158],"class_list":["post-85569","post","type-post","status-publish","format-standard","has-post-thumbnail","category-sport","tag-ee","tag-eesti","tag-eesti-keel","tag-estonia","tag-estonian","tag-m-sport-ford-puma-2026","tag-markko-martin","tag-sport","tag-sports"],"share_on_mastodon":{"url":"https:\/\/pubeurope.com\/@ee\/115895744912696601","error":""},"_links":{"self":[{"href":"https:\/\/www.europesays.com\/ee\/wp-json\/wp\/v2\/posts\/85569","targetHints":{"allow":["GET"]}}],"collection":[{"href":"https:\/\/www.europesays.com\/ee\/wp-json\/wp\/v2\/posts"}],"about":[{"href":"https:\/\/www.europesays.com\/ee\/wp-json\/wp\/v2\/types\/post"}],"author":[{"embeddable":true,"href":"https:\/\/www.europesays.com\/ee\/wp-json\/wp\/v2\/users\/2"}],"replies":[{"embeddable":true,"href":"https:\/\/www.europesays.com\/ee\/wp-json\/wp\/v2\/comments?post=85569"}],"version-history":[{"count":0,"href":"https:\/\/www.europesays.com\/ee\/wp-json\/wp\/v2\/posts\/85569\/revisions"}],"wp:featuredmedia":[{"embeddable":true,"href":"https:\/\/www.europesays.com\/ee\/wp-json\/wp\/v2\/media\/85570"}],"wp:attachment":[{"href":"https:\/\/www.europesays.com\/ee\/wp-json\/wp\/v2\/media?parent=85569"}],"wp:term":[{"taxonomy":"category","embeddable":true,"href":"https:\/\/www.europesays.com\/ee\/wp-json\/wp\/v2\/categories?post=85569"},{"taxonomy":"post_tag","embeddable":true,"href":"https:\/\/www.europesays.com\/ee\/wp-json\/wp\/v2\/tags?post=85569"}],"curies":[{"name":"wp","href":"https:\/\/api.w.org\/{rel}","templated":true}]}}