{"id":85601,"date":"2026-01-14T23:15:10","date_gmt":"2026-01-14T23:15:10","guid":{"rendered":"https:\/\/www.europesays.com\/ee\/85601\/"},"modified":"2026-01-14T23:15:10","modified_gmt":"2026-01-14T23:15:10","slug":"sodiaagisosinad-%e2%9f%a9-peagi-laheb-kergemaks-uued-uksed-hakkavad-avanema","status":"publish","type":"post","link":"https:\/\/www.europesays.com\/ee\/85601\/","title":{"rendered":"SODIAAGISOSINAD \u27e9 Peagi l\u00e4heb kergemaks: uued uksed hakkavad avanema"},"content":{"rendered":"<p>Soovitused n\u00e4dalaks<\/p>\n<p>Neljap\u00e4ev sobib imeliselt l\u00e4bir\u00e4\u00e4kimisteks, kuid tuleb olla valmis, et seej\u00e4rel v\u00f5ib kerkida \u00fcles tundlikke teemasid ja haavatavust \u2013 s\u00f5nade suhtes tasub olla t\u00e4helepanelik.<\/p>\n<p>N\u00e4dalal\u00f5pp toob kaasa leppimist, andestust, kergenemist ja selgenemist. See k\u00f5ik aitab seada oma fookuse \u00f5igeks. Uued algatused tasub j\u00e4tta uude n\u00e4dalasse!<\/p>\n<p>N\u00e4dalakaart: M\u00fcntide neli<\/p>\n<p><img decoding=\"async\" class=\"figure__image\" onclick=\"triggerEvent('articleImageClick', { id: 16825029, focus: 'single-image', focusIndex: '16825029' })\" onkeydown=\"if (event.key === 'Enter') {&#10;        triggerEvent('articleImageClick', { id: 16825029, focus: 'single-image', focusIndex: '16825029' })&#10;        }\" role=\"button\" tabindex=\"0\" data-focus-from=\"single-image\" data-focus-index=\"16825029\" src=\"https:\/\/www.europesays.com\/ee\/wp-content\/uploads\/2026\/01\/16825029t1h64f4.jpg\"  onload=\"this.parentElement.classList.remove('figure__image-loading')\" alt=\"Tarokaart M\u00fcntide neli\"\/>Tarokaart M\u00fcntide neli Foto: Shutterstock<\/p>\n<p>Meie tarok\u00e4si Dagmar t\u00f5mbas seekord n\u00e4dalakaardiks M\u00fcntide nelja ja selgitab, et kaart r\u00e4\u00e4gib sellest, kuidas me hoiame \u2013 asju, tundeid, ideid \u2013 vahel liiga kramplikult, pingeliselt, kitsilt.<\/p>\n<p>See kaart viitab sageli vajadusele turvatunde j\u00e4rele, soovile s\u00e4ilitada kontroll ja mitte kaotada juba saavutatut. Aga samal ajal k\u00fcsib ta ka: kas sa hoiad v\u00f5i hoiad kinni? Kas see, mida sa klammerdudes kaitsed, toidab sind\u2026 v\u00f5i hoopis piirab?<\/p>\n<p>Sel n\u00e4dalal tasub endalt k\u00fcsida, kus oled muutustele vastu hakanud ainult seet\u00f5ttu, et hirmutad end v\u00f5imaliku kaotusega. V\u00f5ib-olla polegi ohus see, mis on p\u00e4riselt v\u00e4\u00e4rtuslik \u2013 v\u00f5ib-olla on ohus ainult su ettekujutus sellest. M\u00f5nikord tuleb vabastada kramplikult millestki hoidev rusikas, et m\u00f5ista: v\u00e4\u00e4rtus on sinus, mitte ainult su varades, ajas v\u00f5i isegi suhetes.<\/p>\n<p>Kuu on t\u00fchik\u00e4igul<\/p>\n<p>Reedel kell 13.13\u201313.47 (Kuu siseneb Kaljukitse)<\/p>\n<p>P\u00fchap\u00e4eval kell 23.56 \u2013 esmasp\u00e4eval kell 00.18 (Kuu siseneb Veevalajasse)<\/p>\n<p>Nendel aegadel tasub v\u00e4ltida olulisi algatusi ja otsuseid, kui eesm\u00e4rk pole just midagi t\u00fchistada.<\/p>\n<p><a target=\"_blank\" rel=\"noopener noreferrer nofollow\" href=\"https:\/\/elu24.postimees.ee\/7192524\/kuhu-kaob-siht-kuu-tuhikaigul\">Siit saad teada l\u00e4hemalt Kuu t\u00fchik\u00e4igu kohta<\/a><\/p>\n<p>Retrograadsed taevakehad<\/p>\n<p>Uraan on retrograadne 6. septembrist kuni 4. veebruarini.<\/p>\n<p>Jupiter on retrograadne 11. novembrist kuni 11. m\u00e4rtsini.<\/p>\n<p><a target=\"_blank\" rel=\"noopener noreferrer nofollow\" href=\"https:\/\/elu24.postimees.ee\/7610434\/veider-aeg-kaes-on-aasta-koige-retrograadsem-periood-aja-ja-reaalsustaju-voivad-muutuda-ning-koige-ule-tuleb-moelda-jarele\">Siit saad teada l\u00e4hemalt planeetide retrograadsuse kohta<\/a><\/p>\n","protected":false},"excerpt":{"rendered":"Soovitused n\u00e4dalaks Neljap\u00e4ev sobib imeliselt l\u00e4bir\u00e4\u00e4kimisteks, kuid tuleb olla valmis, et seej\u00e4rel v\u00f5ib kerkida \u00fcles tundlikke teemasid ja&hellip;\n","protected":false},"author":2,"featured_media":85602,"comment_status":"","ping_status":"","sticky":false,"template":"","format":"standard","meta":{"footnotes":"","_share_on_mastodon":"0"},"categories":[16],"tags":[12340,42402,9943,37,33,35,173,21170,34,36,206,23648,140,37532,38236,42403,16025,842,16619,1030],"class_list":["post-85601","post","type-post","status-publish","format-standard","has-post-thumbnail","category-meelelahutus","tag-12340","tag-asteroidid","tag-astroloogia","tag-ee","tag-eesti","tag-eesti-keel","tag-entertainment","tag-esoteerika","tag-estonia","tag-estonian","tag-horoskoop","tag-kuuloomine","tag-meelelahutus","tag-planeedid","tag-sodiaagisosinad","tag-spirituaalsus","tag-taevaseisud","tag-tahemargid","tag-taheseisud","tag-taroskoop"],"share_on_mastodon":{"url":"https:\/\/pubeurope.com\/@ee\/115896000357105842","error":""},"_links":{"self":[{"href":"https:\/\/www.europesays.com\/ee\/wp-json\/wp\/v2\/posts\/85601","targetHints":{"allow":["GET"]}}],"collection":[{"href":"https:\/\/www.europesays.com\/ee\/wp-json\/wp\/v2\/posts"}],"about":[{"href":"https:\/\/www.europesays.com\/ee\/wp-json\/wp\/v2\/types\/post"}],"author":[{"embeddable":true,"href":"https:\/\/www.europesays.com\/ee\/wp-json\/wp\/v2\/users\/2"}],"replies":[{"embeddable":true,"href":"https:\/\/www.europesays.com\/ee\/wp-json\/wp\/v2\/comments?post=85601"}],"version-history":[{"count":0,"href":"https:\/\/www.europesays.com\/ee\/wp-json\/wp\/v2\/posts\/85601\/revisions"}],"wp:featuredmedia":[{"embeddable":true,"href":"https:\/\/www.europesays.com\/ee\/wp-json\/wp\/v2\/media\/85602"}],"wp:attachment":[{"href":"https:\/\/www.europesays.com\/ee\/wp-json\/wp\/v2\/media?parent=85601"}],"wp:term":[{"taxonomy":"category","embeddable":true,"href":"https:\/\/www.europesays.com\/ee\/wp-json\/wp\/v2\/categories?post=85601"},{"taxonomy":"post_tag","embeddable":true,"href":"https:\/\/www.europesays.com\/ee\/wp-json\/wp\/v2\/tags?post=85601"}],"curies":[{"name":"wp","href":"https:\/\/api.w.org\/{rel}","templated":true}]}}