{"id":85740,"date":"2026-01-15T07:24:09","date_gmt":"2026-01-15T07:24:09","guid":{"rendered":"https:\/\/www.europesays.com\/ee\/85740\/"},"modified":"2026-01-15T07:24:09","modified_gmt":"2026-01-15T07:24:09","slug":"koidula-riia-koidula-ei-hoopis-kivimae-tallinna-riia-rongis-rikki-lainud-wc-tekitas-paraja-segaduse","status":"publish","type":"post","link":"https:\/\/www.europesays.com\/ee\/85740\/","title":{"rendered":"Koidula, Riia, Koidula, ei hoopis Kivim\u00e4e! Tallinna-Riia rongis rikki l\u00e4inud WC tekitas paraja segaduse"},"content":{"rendered":"<p>Esmasp\u00e4evast alustas Elron s\u00f5ite Tallinna-Riia liinil. Ka teisip\u00e4eval, veidi enne kella kolme p\u00e4eval v\u00e4ljus rong Tallinnast. Pealinnast Tartusse s\u00f5idab topeltrong, mis \u00fclikoolilinnas haagitakse lahti: \u00fcks rong j\u00e4tkab teekonda Riiga, teine Koidulasse. Teisip\u00e4evasel v\u00e4ljumisel tekkis Tartus aga paras segadus, sest vastuolulise info t\u00f5ttu ei saanud reisijad aru, millisesse rongi nad pidid minema.<\/p>\n<p>Segadus tekkis sellest, et valjuh\u00e4\u00e4ldis k\u00f5lanud sihtkoht ja vedurijuhi v\u00e4ljah\u00f5igatud sihtkoht ei klappinud.<\/p>\n","protected":false},"excerpt":{"rendered":"Esmasp\u00e4evast alustas Elron s\u00f5ite Tallinna-Riia liinil. Ka teisip\u00e4eval, veidi enne kella kolme p\u00e4eval v\u00e4ljus rong Tallinnast. Pealinnast Tartusse&hellip;\n","protected":false},"author":2,"featured_media":85741,"comment_status":"","ping_status":"","sticky":false,"template":"","format":"standard","meta":{"footnotes":"","_share_on_mastodon":"0"},"categories":[12],"tags":[26,27,37,33,35,8393,34,36,31,32,21,1304,28,29,19,25,11390,951,5421,15766,2130,249,23,24,22,20,30],"class_list":["post-85740","post","type-post","status-publish","format-standard","has-post-thumbnail","category-eesti","tag-breaking-news","tag-breakingnews","tag-ee","tag-eesti","tag-eesti-keel","tag-elron","tag-estonia","tag-estonian","tag-featured-news","tag-featurednews","tag-headlines","tag-koidula","tag-latest-news","tag-latestnews","tag-news","tag-populaarseimad-lood","tag-reisijad","tag-riia","tag-rong","tag-sihtkohad","tag-tallinn","tag-tartu","tag-top-stories","tag-topstories","tag-uldised-uudised","tag-uudised","tag-viimased-uudised"],"share_on_mastodon":{"url":"https:\/\/pubeurope.com\/@ee\/115897923156897020","error":""},"_links":{"self":[{"href":"https:\/\/www.europesays.com\/ee\/wp-json\/wp\/v2\/posts\/85740","targetHints":{"allow":["GET"]}}],"collection":[{"href":"https:\/\/www.europesays.com\/ee\/wp-json\/wp\/v2\/posts"}],"about":[{"href":"https:\/\/www.europesays.com\/ee\/wp-json\/wp\/v2\/types\/post"}],"author":[{"embeddable":true,"href":"https:\/\/www.europesays.com\/ee\/wp-json\/wp\/v2\/users\/2"}],"replies":[{"embeddable":true,"href":"https:\/\/www.europesays.com\/ee\/wp-json\/wp\/v2\/comments?post=85740"}],"version-history":[{"count":0,"href":"https:\/\/www.europesays.com\/ee\/wp-json\/wp\/v2\/posts\/85740\/revisions"}],"wp:featuredmedia":[{"embeddable":true,"href":"https:\/\/www.europesays.com\/ee\/wp-json\/wp\/v2\/media\/85741"}],"wp:attachment":[{"href":"https:\/\/www.europesays.com\/ee\/wp-json\/wp\/v2\/media?parent=85740"}],"wp:term":[{"taxonomy":"category","embeddable":true,"href":"https:\/\/www.europesays.com\/ee\/wp-json\/wp\/v2\/categories?post=85740"},{"taxonomy":"post_tag","embeddable":true,"href":"https:\/\/www.europesays.com\/ee\/wp-json\/wp\/v2\/tags?post=85740"}],"curies":[{"name":"wp","href":"https:\/\/api.w.org\/{rel}","templated":true}]}}