{"id":85830,"date":"2026-01-15T09:36:06","date_gmt":"2026-01-15T09:36:06","guid":{"rendered":"https:\/\/www.europesays.com\/ee\/85830\/"},"modified":"2026-01-15T09:36:06","modified_gmt":"2026-01-15T09:36:06","slug":"palgad-tousevad-sel-aastal-keskmiselt-viie-protsendi-vorra","status":"publish","type":"post","link":"https:\/\/www.europesays.com\/ee\/85830\/","title":{"rendered":"palgad t\u00f5usevad sel aastal keskmiselt viie protsendi v\u00f5rra"},"content":{"rendered":"<p>Figure Baltic Advisory v\u00e4rske palgaturu prognoosiuuring n\u00e4itab, et Eesti t\u00f6\u00f6andjad planeerivad t\u00e4navu t\u00f6\u00f6tajate p\u00f5hipalka keskmiselt viie protsendi v\u00f5rra t\u00f5sta, mida on sama palju kui mullu.<\/p>\n<p>Samal ajal on t\u00f6\u00f6andjate seas m\u00e4rgata kasvavat ettevaatlikkust \u2013 rekordiline 66 protsenti organisatsioonidest plaanib t\u00f6\u00f6tajate arvu v\u00e4hendada, mis on viimase 15 aasta k\u00f5rgeim n\u00e4itaja.<\/p>\n","protected":false},"excerpt":{"rendered":"Figure Baltic Advisory v\u00e4rske palgaturu prognoosiuuring n\u00e4itab, et Eesti t\u00f6\u00f6andjad planeerivad t\u00e4navu t\u00f6\u00f6tajate p\u00f5hipalka keskmiselt viie protsendi v\u00f5rra&hellip;\n","protected":false},"author":2,"featured_media":85831,"comment_status":"","ping_status":"","sticky":false,"template":"","format":"standard","meta":{"footnotes":"","_share_on_mastodon":"0"},"categories":[12],"tags":[5669,26,27,26380,37,33,35,34,36,31,32,21,42497,28,29,19,2415,1323,25,23,24,22,20,30],"class_list":["post-85830","post","type-post","status-publish","format-standard","has-post-thumbnail","category-eesti","tag-alampalk","tag-breaking-news","tag-breakingnews","tag-brutopalk","tag-ee","tag-eesti","tag-eesti-keel","tag-estonia","tag-estonian","tag-featured-news","tag-featurednews","tag-headlines","tag-kuupalk","tag-latest-news","tag-latestnews","tag-news","tag-palgatous","tag-palk","tag-populaarseimad-lood","tag-top-stories","tag-topstories","tag-uldised-uudised","tag-uudised","tag-viimased-uudised"],"share_on_mastodon":{"url":"https:\/\/pubeurope.com\/@ee\/115898442218327296","error":""},"_links":{"self":[{"href":"https:\/\/www.europesays.com\/ee\/wp-json\/wp\/v2\/posts\/85830","targetHints":{"allow":["GET"]}}],"collection":[{"href":"https:\/\/www.europesays.com\/ee\/wp-json\/wp\/v2\/posts"}],"about":[{"href":"https:\/\/www.europesays.com\/ee\/wp-json\/wp\/v2\/types\/post"}],"author":[{"embeddable":true,"href":"https:\/\/www.europesays.com\/ee\/wp-json\/wp\/v2\/users\/2"}],"replies":[{"embeddable":true,"href":"https:\/\/www.europesays.com\/ee\/wp-json\/wp\/v2\/comments?post=85830"}],"version-history":[{"count":0,"href":"https:\/\/www.europesays.com\/ee\/wp-json\/wp\/v2\/posts\/85830\/revisions"}],"wp:featuredmedia":[{"embeddable":true,"href":"https:\/\/www.europesays.com\/ee\/wp-json\/wp\/v2\/media\/85831"}],"wp:attachment":[{"href":"https:\/\/www.europesays.com\/ee\/wp-json\/wp\/v2\/media?parent=85830"}],"wp:term":[{"taxonomy":"category","embeddable":true,"href":"https:\/\/www.europesays.com\/ee\/wp-json\/wp\/v2\/categories?post=85830"},{"taxonomy":"post_tag","embeddable":true,"href":"https:\/\/www.europesays.com\/ee\/wp-json\/wp\/v2\/tags?post=85830"}],"curies":[{"name":"wp","href":"https:\/\/api.w.org\/{rel}","templated":true}]}}