{"id":86348,"date":"2026-01-15T20:41:06","date_gmt":"2026-01-15T20:41:06","guid":{"rendered":"https:\/\/www.europesays.com\/ee\/86348\/"},"modified":"2026-01-15T20:41:06","modified_gmt":"2026-01-15T20:41:06","slug":"numeroloogia-%e2%9f%a9-nendel-inimestel-on-algamas-kolmeaastane-poordeliste-sundmuste-periood","status":"publish","type":"post","link":"https:\/\/www.europesays.com\/ee\/86348\/","title":{"rendered":"NUMEROLOOGIA \u27e9 Nendel inimestel on algamas kolmeaastane p\u00f6\u00f6rdeliste s\u00fcndmuste periood"},"content":{"rendered":"<p>Numeroloogia p\u00f5hjal algab nendel p\u00e4evadel s\u00fcndinud inimestel n\u00fc\u00fcd 3-aastane s\u00fcgava \u00fcmberkujunemise periood, mis v\u00f5ib tuua kaasa elumuutvaid karmalisi kohtumisi. Kas kuulud ka nende hulka?<\/p>\n<p>Numeroloogia j\u00e4rgi on k\u00f5ike elus toimuvat v\u00f5imalik t\u00f5lgendada numbrilistes vibratsioonides ja vastupidi. Kuna aastaarvul on meie teadvuses suur koht, kandub selle vibratsiooniline m\u00f5ju ka meie ellu. Kui elaksime m\u00f5ne muu kalendri j\u00e4rgi, siis m\u00f5jutaks meid selle number. Asi pole mitte selles, millises kalendris on kokku lepitud, vaid selles, millistele numbritele meie teadvus h\u00e4\u00e4lestunud on.<\/p>\n","protected":false},"excerpt":{"rendered":"Numeroloogia p\u00f5hjal algab nendel p\u00e4evadel s\u00fcndinud inimestel n\u00fc\u00fcd 3-aastane s\u00fcgava \u00fcmberkujunemise periood, mis v\u00f5ib tuua kaasa elumuutvaid karmalisi&hellip;\n","protected":false},"author":2,"featured_media":86349,"comment_status":"","ping_status":"","sticky":false,"template":"","format":"standard","meta":{"footnotes":"","_share_on_mastodon":"0"},"categories":[5],"tags":[12340,26,27,37,33,35,37010,21170,34,36,31,32,21,36809,41558,28,29,19,23007,25,23,24,22,20,30],"class_list":["post-86348","post","type-post","status-publish","format-standard","has-post-thumbnail","category-uldised-uudised","tag-12340","tag-breaking-news","tag-breakingnews","tag-ee","tag-eesti","tag-eesti-keel","tag-elutee-number","tag-esoteerika","tag-estonia","tag-estonian","tag-featured-news","tag-featurednews","tag-headlines","tag-isiklik-aasta","tag-karma","tag-latest-news","tag-latestnews","tag-news","tag-numeroloogia","tag-populaarseimad-lood","tag-top-stories","tag-topstories","tag-uldised-uudised","tag-uudised","tag-viimased-uudised"],"share_on_mastodon":{"url":"https:\/\/pubeurope.com\/@ee\/115901057102947209","error":""},"_links":{"self":[{"href":"https:\/\/www.europesays.com\/ee\/wp-json\/wp\/v2\/posts\/86348","targetHints":{"allow":["GET"]}}],"collection":[{"href":"https:\/\/www.europesays.com\/ee\/wp-json\/wp\/v2\/posts"}],"about":[{"href":"https:\/\/www.europesays.com\/ee\/wp-json\/wp\/v2\/types\/post"}],"author":[{"embeddable":true,"href":"https:\/\/www.europesays.com\/ee\/wp-json\/wp\/v2\/users\/2"}],"replies":[{"embeddable":true,"href":"https:\/\/www.europesays.com\/ee\/wp-json\/wp\/v2\/comments?post=86348"}],"version-history":[{"count":0,"href":"https:\/\/www.europesays.com\/ee\/wp-json\/wp\/v2\/posts\/86348\/revisions"}],"wp:featuredmedia":[{"embeddable":true,"href":"https:\/\/www.europesays.com\/ee\/wp-json\/wp\/v2\/media\/86349"}],"wp:attachment":[{"href":"https:\/\/www.europesays.com\/ee\/wp-json\/wp\/v2\/media?parent=86348"}],"wp:term":[{"taxonomy":"category","embeddable":true,"href":"https:\/\/www.europesays.com\/ee\/wp-json\/wp\/v2\/categories?post=86348"},{"taxonomy":"post_tag","embeddable":true,"href":"https:\/\/www.europesays.com\/ee\/wp-json\/wp\/v2\/tags?post=86348"}],"curies":[{"name":"wp","href":"https:\/\/api.w.org\/{rel}","templated":true}]}}