{"id":86441,"date":"2026-01-16T00:28:34","date_gmt":"2026-01-16T00:28:34","guid":{"rendered":"https:\/\/www.europesays.com\/ee\/86441\/"},"modified":"2026-01-16T00:28:34","modified_gmt":"2026-01-16T00:28:34","slug":"vahetusmees-paastis-interile-voidu-viigilainele-sattunud-napoli-jai-ulinapi-suluseisu-tottu-varavast-ilma-soccernet-ee","status":"publish","type":"post","link":"https:\/\/www.europesays.com\/ee\/86441\/","title":{"rendered":"Vahetusmees p\u00e4\u00e4stis Interile v\u00f5idu, viigilainele sattunud Napoli j\u00e4i \u00fclinapi suluseisu t\u00f5ttu v\u00e4ravast ilma &#8211; Soccernet.ee"},"content":{"rendered":"<p><img decoding=\"async\" src=\"https:\/\/www.europesays.com\/ee\/wp-content\/uploads\/2026\/01\/1768427720.jpg\" alt=\"Interi kangelane Pio Esposito. Foto: Scanpix \/ Luca Bruno \/ AP Photo\"\/>&#13;\n<\/p>\n<p>Kolmap\u00e4eval toimus Itaalia k\u00f5rgliigas tippklubide osalusel kaks kohtumist, aga nendes l\u00f6\u00f6di kokku vaid \u00fcks v\u00e4rav, kui tabeliliider Milano Inter alistas kodus 1:0 Lecce ja kolmandal kohal asuv Napoli m\u00e4ngis kodus 0:0 viiki Parmaga.<\/p>\n<p>Inter muukis Lecce v\u00e4ravaluku lahti alles 78. minutil, kui skoori tegi vahetusest sekkunud Pio Esposito, kes oli p\u00e4rast Lautaro Martinezi pealel\u00f6\u00f6ki ja Lecce v\u00e4ravavahi Wladimiro Falcone t\u00f5rjet \u00f5igel ajal \u00f5iges kohas. 20-aastane r\u00fcndaja on sel hooajal vahetusest sekkudes l\u00f6\u00f6nud kaks v\u00e4ravat ja andnud kaks v\u00e4ravas\u00f6\u00f6tu.&#13;\n<\/p>\n<p>Viigilainele on sattunud tiitlikaitsja Napoli. Eelmises voorus m\u00e4ngiti 2:2 viiki Interiga, enne seda 2:2 viiki Hellas Veronaga ja n\u00fc\u00fcd 0:0 viiki Parmaga. Napoli poolkaitsja Scott McTominay sai esimesel poolajal palli korra Verona v\u00f5rku, aga kuna r\u00fcnnaku \u00fclesehitusel oli \u00fclinapp suluseis, siis v\u00e4rav ei lugenud.\u00a0&#13;\n<\/p>\n<blockquote class=\"twitter-tweet\"><p>&#13;<\/p>\n<p lang=\"en\" dir=\"ltr\">Napoli drop points against Parma, giving Inter the opportunity to extend their lead at the top of Serie A when they play later.<\/p>\n<p>Scott McTominay thought he had scored in the first half, but his goal was disallowed for an offside in the build-up. <a href=\"https:\/\/t.co\/02dGwQmVdF\" rel=\"nofollow\">pic.twitter.com\/02dGwQmVdF<\/a>&#13;<br \/>\n\u2014 The Athletic | Football (@TheAthleticFC) <a href=\"https:\/\/twitter.com\/TheAthleticFC\/status\/2011520566654865693?ref_src=twsrc%5Etfw\" rel=\"nofollow noopener\" target=\"_blank\">January 14, 2026<\/a><\/p>\n<\/blockquote>\n<p>Huvitaval kombel on viigilainel ka tabelis teisel kohal olev AC Milan, kes on j\u00e4rjest m\u00e4nginud 1:1 viiki Genoa ja Fiorentinaga. Kuna tipud on viimasel ajal palju viigistanud, siis heitlus Meistrite liiga kohtadele on p\u00f5nev. See oli juba enne p\u00f5nev, aga viimaste voorudega on esikolmikule l\u00e4hemale j\u00f5udnud Juventus ja AS Roma.&#13;\n<\/p>\n<p>Praegu on Interil 46, m\u00e4ngu v\u00e4hem pidanud Milanil 40, Napolil 40, Juventusel 39 ja Romal 39 punkti. Milan j\u00f5uab samade m\u00e4ngude arvuni neljap\u00e4eval, kui v\u00f5\u00f5rsil minnakse vastamisi Comoga, kes on viimasest neljast m\u00e4ngust kolm v\u00f5itnud ja \u00fche viigistanud ning asub 34 punktiga kuuendal kohal.<\/p>\n<p><script async src=\"https:\/\/platform.twitter.com\/widgets.js\" charset=\"utf-8\"><\/script><\/p>\n","protected":false},"excerpt":{"rendered":"&#13; Kolmap\u00e4eval toimus Itaalia k\u00f5rgliigas tippklubide osalusel kaks kohtumist, aga nendes l\u00f6\u00f6di kokku vaid \u00fcks v\u00e4rav, kui tabeliliider&hellip;\n","protected":false},"author":2,"featured_media":86442,"comment_status":"","ping_status":"","sticky":false,"template":"","format":"standard","meta":{"footnotes":""},"categories":[18],"tags":[37,33,35,34,36,1820,109,1541,5505,1191,1821,1082,159,158],"class_list":{"0":"post-86441","1":"post","2":"type-post","3":"status-publish","4":"format-standard","5":"has-post-thumbnail","7":"category-sport","8":"tag-ee","9":"tag-eesti","10":"tag-eesti-keel","11":"tag-estonia","12":"tag-estonian","13":"tag-inter","14":"tag-itaalia","15":"tag-itaalia-korgliiga","16":"tag-lecce","17":"tag-napoli","18":"tag-parma","19":"tag-serie-a","20":"tag-sport","21":"tag-sports"},"share_on_mastodon":{"url":"https:\/\/pubeurope.com\/@ee\/115901949714906720","error":""},"_links":{"self":[{"href":"https:\/\/www.europesays.com\/ee\/wp-json\/wp\/v2\/posts\/86441","targetHints":{"allow":["GET"]}}],"collection":[{"href":"https:\/\/www.europesays.com\/ee\/wp-json\/wp\/v2\/posts"}],"about":[{"href":"https:\/\/www.europesays.com\/ee\/wp-json\/wp\/v2\/types\/post"}],"author":[{"embeddable":true,"href":"https:\/\/www.europesays.com\/ee\/wp-json\/wp\/v2\/users\/2"}],"replies":[{"embeddable":true,"href":"https:\/\/www.europesays.com\/ee\/wp-json\/wp\/v2\/comments?post=86441"}],"version-history":[{"count":0,"href":"https:\/\/www.europesays.com\/ee\/wp-json\/wp\/v2\/posts\/86441\/revisions"}],"wp:featuredmedia":[{"embeddable":true,"href":"https:\/\/www.europesays.com\/ee\/wp-json\/wp\/v2\/media\/86442"}],"wp:attachment":[{"href":"https:\/\/www.europesays.com\/ee\/wp-json\/wp\/v2\/media?parent=86441"}],"wp:term":[{"taxonomy":"category","embeddable":true,"href":"https:\/\/www.europesays.com\/ee\/wp-json\/wp\/v2\/categories?post=86441"},{"taxonomy":"post_tag","embeddable":true,"href":"https:\/\/www.europesays.com\/ee\/wp-json\/wp\/v2\/tags?post=86441"}],"curies":[{"name":"wp","href":"https:\/\/api.w.org\/{rel}","templated":true}]}}