{"id":86849,"date":"2026-01-16T13:40:07","date_gmt":"2026-01-16T13:40:07","guid":{"rendered":"https:\/\/www.europesays.com\/ee\/86849\/"},"modified":"2026-01-16T13:40:07","modified_gmt":"2026-01-16T13:40:07","slug":"kristjan-ilves-naitas-mk-etapi-avapaeval-heal-tasemel-huppestabiilsust","status":"publish","type":"post","link":"https:\/\/www.europesays.com\/ee\/86849\/","title":{"rendered":"Kristjan Ilves n\u00e4itas MK-etapi avap\u00e4eval heal tasemel h\u00fcppestabiilsust"},"content":{"rendered":"<p>Juba treeningvoorud n\u00e4itasid lubavaid m\u00e4rke. Ilves sai m\u00f5lemal korral seitsmenda koha. Esimesel korral h\u00fcppas ta HS100 m\u00e4el 99 m ja teenis 72,9 punkti, teisel puhul olid samad n\u00e4itajad 95,5 ja 65,8. Kummalgi puhul ei jagatud stiilihindeid.<\/p>\n<p>Treeningh\u00fcpetel valitses Franz-Josef Rehrl. Ta sai kirja vastavalt 100 ja 101,5 m ning 79 ja 79,9 silma. Teises ringis kogus identse skoori Thomas Rettenegger.<\/p>\n<p>T\u00e4nases t\u00e4htsaimas, PCR voorus j\u00e4i Ilvese tulemus samasse auku. Ta lendas 92,5 meetrit, ent \u00fches p\u00e4eva suurima tuulekompensatsiooniga (4,2 silma) tuli kokku 123,7 punkti, mis andis koos Stefan Retteneggeriga 6.-7. koha.<\/p>\n<p>Eelv\u00f5istluse v\u00f5itis Thomas Rettenegger 103,5 m ja 134,1 silmaga. Neid tulemusi kasutatakse homses 10 km suusas\u00f5iduks juhul, kui h\u00fcppev\u00f5istlust ei saa l\u00e4bi viia. Siis saaks austerlane teele 26 sekundit enne Ilvest.<\/p>\n<p><img decoding=\"async\" class=\"figure__image\" onclick=\"triggerEvent('articleImageClick', { id: 17391191, focus: 'single-image', focusIndex: '17391191' })\" onkeydown=\"if (event.key === 'Enter') {&#10;        triggerEvent('articleImageClick', { id: 17391191, focus: 'single-image', focusIndex: '17391191' })&#10;        }\" role=\"button\" tabindex=\"0\" data-focus-from=\"single-image\" data-focus-index=\"17391191\" src=\"https:\/\/www.europesays.com\/ee\/wp-content\/uploads\/2026\/01\/17391191t1h69e1.png\"  onload=\"this.parentElement.classList.remove('figure__image-loading')\" alt=\"PCRi tosin paremat.\"\/>PCRi tosin paremat. Foto: Kuvat\u00f5mmis<\/p>\n<p>Laup\u00e4eval toimub Oberhofis kompaktv\u00f5istlus, kus h\u00fcppem\u00e4el selguvad stardivahed koha, mitte otseselt punktisumma alusel. P\u00fchap\u00e4eval on kavas tavap\u00e4rane Gunderseni m\u00f5\u00f5duv\u00f5tt.<\/p>\n","protected":false},"excerpt":{"rendered":"Juba treeningvoorud n\u00e4itasid lubavaid m\u00e4rke. Ilves sai m\u00f5lemal korral seitsmenda koha. Esimesel korral h\u00fcppas ta HS100 m\u00e4el 99&hellip;\n","protected":false},"author":2,"featured_media":86850,"comment_status":"","ping_status":"","sticky":false,"template":"","format":"standard","meta":{"footnotes":"","_share_on_mastodon":"0"},"categories":[18],"tags":[37,33,35,34,36,29239,42934,1684,35428,42935,159,158,29236],"class_list":["post-86849","post","type-post","status-publish","format-standard","has-post-thumbnail","category-sport","tag-ee","tag-eesti","tag-eesti-keel","tag-estonia","tag-estonian","tag-franz-josef-rehrl","tag-gunderseni-mooduvott","tag-ilves","tag-oberhof","tag-pcr-voorus","tag-sport","tag-sports","tag-thomas-rettenegger"],"share_on_mastodon":{"url":"https:\/\/pubeurope.com\/@ee\/115905063991806109","error":""},"_links":{"self":[{"href":"https:\/\/www.europesays.com\/ee\/wp-json\/wp\/v2\/posts\/86849","targetHints":{"allow":["GET"]}}],"collection":[{"href":"https:\/\/www.europesays.com\/ee\/wp-json\/wp\/v2\/posts"}],"about":[{"href":"https:\/\/www.europesays.com\/ee\/wp-json\/wp\/v2\/types\/post"}],"author":[{"embeddable":true,"href":"https:\/\/www.europesays.com\/ee\/wp-json\/wp\/v2\/users\/2"}],"replies":[{"embeddable":true,"href":"https:\/\/www.europesays.com\/ee\/wp-json\/wp\/v2\/comments?post=86849"}],"version-history":[{"count":0,"href":"https:\/\/www.europesays.com\/ee\/wp-json\/wp\/v2\/posts\/86849\/revisions"}],"wp:featuredmedia":[{"embeddable":true,"href":"https:\/\/www.europesays.com\/ee\/wp-json\/wp\/v2\/media\/86850"}],"wp:attachment":[{"href":"https:\/\/www.europesays.com\/ee\/wp-json\/wp\/v2\/media?parent=86849"}],"wp:term":[{"taxonomy":"category","embeddable":true,"href":"https:\/\/www.europesays.com\/ee\/wp-json\/wp\/v2\/categories?post=86849"},{"taxonomy":"post_tag","embeddable":true,"href":"https:\/\/www.europesays.com\/ee\/wp-json\/wp\/v2\/tags?post=86849"}],"curies":[{"name":"wp","href":"https:\/\/api.w.org\/{rel}","templated":true}]}}