{"id":86965,"date":"2026-01-16T17:58:19","date_gmt":"2026-01-16T17:58:19","guid":{"rendered":"https:\/\/www.europesays.com\/ee\/86965\/"},"modified":"2026-01-16T17:58:19","modified_gmt":"2026-01-16T17:58:19","slug":"hingamisteede-viirusnakkuste-levik-pusib-korgel","status":"publish","type":"post","link":"https:\/\/www.europesays.com\/ee\/86965\/","title":{"rendered":"Hingamisteede viirusnakkuste levik p\u00fcsib k\u00f5rgel"},"content":{"rendered":"<p>Eesti terviseandmed n\u00e4itavad, et kuigi hingamisteede viirusnakkustesse haigestumine on hakanud stabiliseeruma, p\u00fcsib viiruste levik endiselt k\u00f5rgel tasemel. Aasta teisel n\u00e4dalal oli suurimaks haigestumise p\u00f5hjustajaks gripp, mis levib j\u00e4tkuvalt epideemiliselt \u00fcle kogu riigi.<\/p>\n<p>Aasta teisel n\u00e4dalal p\u00f6\u00f6rdus \u00fclemiste hingamisteede viirusnakkuse s\u00fcmptomitega arstide poole 3140 inimest. Samal perioodil registreeriti 1559 gripijuhtu ja 424 COVID-19 haigusjuhtu.<\/p>\n","protected":false},"excerpt":{"rendered":"Eesti terviseandmed n\u00e4itavad, et kuigi hingamisteede viirusnakkustesse haigestumine on hakanud stabiliseeruma, p\u00fcsib viiruste levik endiselt k\u00f5rgel tasemel. Aasta&hellip;\n","protected":false},"author":2,"featured_media":63602,"comment_status":"","ping_status":"","sticky":false,"template":"","format":"standard","meta":{"footnotes":"","_share_on_mastodon":"0"},"categories":[5],"tags":[26,27,37,33,42999,35,34,36,31,32,42997,19583,21,42996,13839,28,29,19,25,23,24,22,20,30,42998],"class_list":["post-86965","post","type-post","status-publish","format-standard","has-post-thumbnail","category-uldised-uudised","tag-breaking-news","tag-breakingnews","tag-ee","tag-eesti","tag-eesti-gripihooaeg-2025","tag-eesti-keel","tag-estonia","tag-estonian","tag-featured-news","tag-featurednews","tag-gripiepideemia-eestis","tag-gripp","tag-headlines","tag-hingamisteede-viirusnakkused","tag-katehugieen","tag-latest-news","tag-latestnews","tag-news","tag-populaarseimad-lood","tag-top-stories","tag-topstories","tag-uldised-uudised","tag-uudised","tag-viimased-uudised","tag-viirusnakkuste-ennetamine"],"share_on_mastodon":{"url":"https:\/\/pubeurope.com\/@ee\/115906078478563175","error":""},"_links":{"self":[{"href":"https:\/\/www.europesays.com\/ee\/wp-json\/wp\/v2\/posts\/86965","targetHints":{"allow":["GET"]}}],"collection":[{"href":"https:\/\/www.europesays.com\/ee\/wp-json\/wp\/v2\/posts"}],"about":[{"href":"https:\/\/www.europesays.com\/ee\/wp-json\/wp\/v2\/types\/post"}],"author":[{"embeddable":true,"href":"https:\/\/www.europesays.com\/ee\/wp-json\/wp\/v2\/users\/2"}],"replies":[{"embeddable":true,"href":"https:\/\/www.europesays.com\/ee\/wp-json\/wp\/v2\/comments?post=86965"}],"version-history":[{"count":0,"href":"https:\/\/www.europesays.com\/ee\/wp-json\/wp\/v2\/posts\/86965\/revisions"}],"wp:featuredmedia":[{"embeddable":true,"href":"https:\/\/www.europesays.com\/ee\/wp-json\/wp\/v2\/media\/63602"}],"wp:attachment":[{"href":"https:\/\/www.europesays.com\/ee\/wp-json\/wp\/v2\/media?parent=86965"}],"wp:term":[{"taxonomy":"category","embeddable":true,"href":"https:\/\/www.europesays.com\/ee\/wp-json\/wp\/v2\/categories?post=86965"},{"taxonomy":"post_tag","embeddable":true,"href":"https:\/\/www.europesays.com\/ee\/wp-json\/wp\/v2\/tags?post=86965"}],"curies":[{"name":"wp","href":"https:\/\/api.w.org\/{rel}","templated":true}]}}