{"id":87082,"date":"2026-01-16T23:17:14","date_gmt":"2026-01-16T23:17:14","guid":{"rendered":"https:\/\/www.europesays.com\/ee\/87082\/"},"modified":"2026-01-16T23:17:14","modified_gmt":"2026-01-16T23:17:14","slug":"erkki-koort-%e2%9f%a9-groonimaal-kasvab-oht-valearvestuseks-nato-liitlaste-vahel-postimees","status":"publish","type":"post","link":"https:\/\/www.europesays.com\/ee\/87082\/","title":{"rendered":"ERKKI KOORT \u27e9 Gr\u00f6\u00f6nimaal kasvab oht valearvestuseks NATO liitlaste vahel &#8211; Postimees"},"content":{"rendered":"<ol>\n<li><a href=\"https:\/\/news.google.com\/rss\/articles\/CBMiqwFBVV95cUxPSVNpNXN3YTBkWTU3THJFVURQeGFfRWZ3ZHpzLUp2YzFEQTBYYW9JYVpkLWNMZFljZU9GT05PYnZrWm1SUnA0d0Y0QnVCRU1HZGpsb3drSmJ1MTZxUFJYNF9uLXJsQ2ZwTmdaVW8zS295YzhsaWx3X1pKQnhLSFp0NTllU2treUhHR2U2YnloMlVjM0V2WGl6eWsyWnRQQm13dkZNc05jcnZUYUE?oc=5\" target=\"_blank\" rel=\"nofollow noopener\">ERKKI KOORT \u27e9 Gr\u00f6\u00f6nimaal kasvab oht valearvestuseks NATO liitlaste vahel<\/a>&nbsp;&nbsp;Postimees<\/li>\n<li><a href=\"https:\/\/news.google.com\/rss\/articles\/CBMingFBVV95cUxNVXJpVUxWVmx6d3VUSzIxUkdvcGRINnQ5aUw1SHhHbXRQS1pTQ2NURGE3S2tNb25PcEVHRmo3QnFSb0IwRE9EX09NSTRhdDU1WVFkVGRyN3lSc1lTUWtqOEd5T3VEUVNNWHNCdWdhWklVckdzelZVc2EzTnpsYkJ5UG55bVpoVGdBbmFaMlpkMjMtQmVSUk5jNWFmQVg2UQ?oc=5\" target=\"_blank\" rel=\"nofollow noopener\">Pevkur: Eesti s\u00f5durid ei l\u00e4he Gr\u00f6\u00f6nimaale, et ameeriklastega v\u00f5idelda<\/a>&nbsp;&nbsp;ERR<\/li>\n<li><a href=\"https:\/\/news.google.com\/rss\/articles\/CBMitgFBVV95cUxOcU5aMWVlWUlqTXExWnk2dGMwVTZaaGxfU3NONktnbGdCaEcyUW52aWtXQ1A3Y1BMZjRXMWNRdWR4ZUZfbk8ta3lVQTVCZU1fTGlSU3ZQSzBfLTFoU3BxLXd4UWJMQWRVSXRGeHAyXzNWeHkwZWM0VWM5UzFXUlpZZzJuWm5Obi1YNllLbGIwM292YWZyTWlheE5XblpBSlVJSUVPZm40azItSEpTbnhFaDdlZTVJQQ?oc=5\" target=\"_blank\" rel=\"nofollow noopener\">Trump \u00e4hvardab Gr\u00f6\u00f6nimaa omandamise vastaseid riike tollitariifidega<\/a>&nbsp;&nbsp;\u00c4rip\u00e4ev<\/li>\n<li><a href=\"https:\/\/news.google.com\/rss\/articles\/CBMinwFBVV95cUxPczRKUnZZdTJubjlCQmlDVVZ2WEd2WDM3RzZJTjlwLXhROHVDWHpUcDhISjVBVmRkd1lLRHd2aGw5clZBVm02czNTSDMtUllxeHZZX0NDU29VNnU1S0FWbHZzME5vYWtfbU9MOWxMcEt3MV9ESW9wbnZEdE9XRjQxZVZUQWZMRzZ1TTluQk9fTTNiQVg5S1ZmSEw1ZDFFVEU?oc=5\" target=\"_blank\" rel=\"nofollow noopener\">Tusk: NATO liitlaste vaheline konflikt oleks senise maailmakorra l\u00f5pp<\/a>&nbsp;&nbsp;ERR<\/li>\n<li><a href=\"https:\/\/news.google.com\/rss\/articles\/CBMigAFBVV95cUxPUXN1dnliQ2dOZ0pGUHpXazd1UEt2OGNUVmZKdFRVUU1WejlUNUNpeEo0VnV3X0lFR0dLRGE0dDExQlo5bUZKMWZaRUxiYjdSdFRVMGFtLW1sWUpfTTk5NUJZWjBCazdVTl84eXRvRnNJbm5FekR3eFlkT1h6R1dtZdIBhgFBVV95cUxOQVBNRzFuNVJaLUszMDEtYTVrMTh4RWE0Q0VlcmQzMll3Qk9BSGpTaVZLQ2ltZk0yaTd4UGpXVTA4QzJHTDhvZXpBZFpnSjMzQlBqeVZlRWYtU0JDenczbVBMWEJfU2JFNzU2UURSejY4Rm1jOUJKM0t2SlpRRjRDbmhLRENzdw?oc=5\" target=\"_blank\" rel=\"nofollow noopener\">L\u00c4HEB MADINAKS: Tsahkna surub l\u00e4hip\u00e4evil USA p\u00f5lvili &#8211; Uued Uudised<\/a>&nbsp;&nbsp;Uued uudised<\/li>\n<\/ol>\n","protected":false},"excerpt":{"rendered":"ERKKI KOORT \u27e9 Gr\u00f6\u00f6nimaal kasvab oht valearvestuseks NATO liitlaste vahel&nbsp;&nbsp;Postimees Pevkur: Eesti s\u00f5durid ei l\u00e4he Gr\u00f6\u00f6nimaale, et ameeriklastega&hellip;\n","protected":false},"author":2,"featured_media":87083,"comment_status":"","ping_status":"","sticky":false,"template":"","format":"standard","meta":{"footnotes":""},"categories":[5],"tags":[71,26,27,37,33,35,34,36,31,32,21,73,72,28,29,19,74,25,23,24,22,20,30],"class_list":{"0":"post-87082","1":"post","2":"type-post","3":"status-publish","4":"format-standard","5":"has-post-thumbnail","7":"category-uldised-uudised","8":"tag-arvamus","9":"tag-breaking-news","10":"tag-breakingnews","11":"tag-ee","12":"tag-eesti","13":"tag-eesti-keel","14":"tag-estonia","15":"tag-estonian","16":"tag-featured-news","17":"tag-featurednews","18":"tag-headlines","19":"tag-juhtkiri","20":"tag-karikatuur","21":"tag-latest-news","22":"tag-latestnews","23":"tag-news","24":"tag-online-vaitlus","25":"tag-populaarseimad-lood","26":"tag-top-stories","27":"tag-topstories","28":"tag-uldised-uudised","29":"tag-uudised","30":"tag-viimased-uudised"},"share_on_mastodon":{"url":"https:\/\/pubeurope.com\/@ee\/115907332839010372","error":""},"_links":{"self":[{"href":"https:\/\/www.europesays.com\/ee\/wp-json\/wp\/v2\/posts\/87082","targetHints":{"allow":["GET"]}}],"collection":[{"href":"https:\/\/www.europesays.com\/ee\/wp-json\/wp\/v2\/posts"}],"about":[{"href":"https:\/\/www.europesays.com\/ee\/wp-json\/wp\/v2\/types\/post"}],"author":[{"embeddable":true,"href":"https:\/\/www.europesays.com\/ee\/wp-json\/wp\/v2\/users\/2"}],"replies":[{"embeddable":true,"href":"https:\/\/www.europesays.com\/ee\/wp-json\/wp\/v2\/comments?post=87082"}],"version-history":[{"count":0,"href":"https:\/\/www.europesays.com\/ee\/wp-json\/wp\/v2\/posts\/87082\/revisions"}],"wp:featuredmedia":[{"embeddable":true,"href":"https:\/\/www.europesays.com\/ee\/wp-json\/wp\/v2\/media\/87083"}],"wp:attachment":[{"href":"https:\/\/www.europesays.com\/ee\/wp-json\/wp\/v2\/media?parent=87082"}],"wp:term":[{"taxonomy":"category","embeddable":true,"href":"https:\/\/www.europesays.com\/ee\/wp-json\/wp\/v2\/categories?post=87082"},{"taxonomy":"post_tag","embeddable":true,"href":"https:\/\/www.europesays.com\/ee\/wp-json\/wp\/v2\/tags?post=87082"}],"curies":[{"name":"wp","href":"https:\/\/api.w.org\/{rel}","templated":true}]}}