{"id":87095,"date":"2026-01-16T23:39:12","date_gmt":"2026-01-16T23:39:12","guid":{"rendered":"https:\/\/www.europesays.com\/ee\/87095\/"},"modified":"2026-01-16T23:39:12","modified_gmt":"2026-01-16T23:39:12","slug":"kaitsepolitsei-saatis-julgeolekukaalutlustel-riigist-valja-vene-armeeteenistuja-delfi","status":"publish","type":"post","link":"https:\/\/www.europesays.com\/ee\/87095\/","title":{"rendered":"Kaitsepolitsei saatis julgeolekukaalutlustel riigist v\u00e4lja Vene armeeteenistuja &#8211; Delfi"},"content":{"rendered":"<ol>\n<li><a href=\"https:\/\/news.google.com\/rss\/articles\/CBMiuwFBVV95cUxOS3FWQU1RdEFjZUdPQTMwZjhLVzNLNlRDeGRWeHp1T3RlUkNhNVdfelhUZFYxZzZYVUFUUGZOTFB1dDdhUmNiUFNuR25fUWFoal9uQ29nNk90QjRLYjREUTR0X3hYckM2YmszYXV0blBzWWF3LTRwU0xvbHJTbUN3YVVUQ1ZPOEtHcm1YNl9Jc3JEZ1Y4UHVfNzlTancxNHRHcFlYV3FIU2w1d1NLaW5ZODlZNTVJYVR5YXk4?oc=5\" target=\"_blank\" rel=\"nofollow noopener\">Kaitsepolitsei saatis julgeolekukaalutlustel riigist v\u00e4lja Vene armeeteenistuja<\/a>&nbsp;&nbsp;Delfi<\/li>\n<li><a href=\"https:\/\/news.google.com\/rss\/articles\/CBMif0FVX3lxTE5VVDdHMU93YnNXTDhEUHhYcDhNNXpEWmFOZlJPb2otU1dLQmg5UVpwZ0tzYkc5dENRd2JqdjBYVjltWWdyOWF0VVNqZ09kQVNPdWtNcUJ1Z3ozaVh2cWczdlQtSWdCZmpFSDhpME1kSVVTdmhZSEpucEczWkRfS28?oc=5\" target=\"_blank\" rel=\"nofollow noopener\">Kapol ja PPA-l oli tihe v\u00e4ljasaatmisn\u00e4dal<\/a>&nbsp;&nbsp;Postimees<\/li>\n<li><a href=\"https:\/\/news.google.com\/rss\/articles\/CBMiowFBVV95cUxQN0Y3a3lRUU5iNEt1djNwbmFoSkFHVXhTMnhHVk5mcEl6NGQ2aUs0VUg0ZkdkNms5dkR1M29SQ0xKQ2paN2pMSU1QSmhJTjZoMzUtRTVGMTMzUlNuZEY3TXoyU24yTlRSZFNHVlNlYXREUzBJdzZEYnFwc2hqS0hLS3d4MlVfaktxamNOR0ZaMTcxRUZ5N2FsSlhscHJQR0JoSnRj?oc=5\" target=\"_blank\" rel=\"nofollow noopener\">Kui suurt ohtu kujutasid Eestile riigist v\u00e4lja saadetud islamistid?<\/a>&nbsp;&nbsp;Kanal 2<\/li>\n<li><a href=\"https:\/\/news.google.com\/rss\/articles\/CBMiqwFBVV95cUxPVFAzbHVGNGFNQWtjQ0pLa3BBa3ZRcFdJVHhUM1hmb3poOTdDZUNRQU50c25yclgydktSUm9xeXQ5WWZ0LUlqME1CQlF3WVJ1cGFzcm92b29HQ3B3ZFJqVmI1TDhCak1hbEs2dG5OSWNwY2xreENGRHhpWHNkSEdUNGhKNGRLNUg2R09XOHlVNDhlcHlYcWw0ZGZRRGpwNE44QUpGSWVCTlZXLTQ?oc=5\" target=\"_blank\" rel=\"nofollow noopener\">Eestist saadeti v\u00e4lja kaks kaks terroristliku islamistliku re\u017eiimi toetajat<\/a>&nbsp;&nbsp;\u00d5htuleht<\/li>\n<\/ol>\n","protected":false},"excerpt":{"rendered":"Kaitsepolitsei saatis julgeolekukaalutlustel riigist v\u00e4lja Vene armeeteenistuja&nbsp;&nbsp;Delfi Kapol ja PPA-l oli tihe v\u00e4ljasaatmisn\u00e4dal&nbsp;&nbsp;Postimees Kui suurt ohtu kujutasid Eestile&hellip;\n","protected":false},"author":2,"featured_media":87096,"comment_status":"","ping_status":"","sticky":false,"template":"","format":"standard","meta":{"footnotes":""},"categories":[5],"tags":[26,27,37,33,35,34,36,31,32,21,28,29,19,25,119,23,24,22,20,96,30],"class_list":{"0":"post-87095","1":"post","2":"type-post","3":"status-publish","4":"format-standard","5":"has-post-thumbnail","7":"category-uldised-uudised","8":"tag-breaking-news","9":"tag-breakingnews","10":"tag-ee","11":"tag-eesti","12":"tag-eesti-keel","13":"tag-estonia","14":"tag-estonian","15":"tag-featured-news","16":"tag-featurednews","17":"tag-headlines","18":"tag-latest-news","19":"tag-latestnews","20":"tag-news","21":"tag-populaarseimad-lood","22":"tag-schengen","23":"tag-top-stories","24":"tag-topstories","25":"tag-uldised-uudised","26":"tag-uudised","27":"tag-venemaa","28":"tag-viimased-uudised"},"share_on_mastodon":{"url":"https:\/\/pubeurope.com\/@ee\/115907419331228146","error":""},"_links":{"self":[{"href":"https:\/\/www.europesays.com\/ee\/wp-json\/wp\/v2\/posts\/87095","targetHints":{"allow":["GET"]}}],"collection":[{"href":"https:\/\/www.europesays.com\/ee\/wp-json\/wp\/v2\/posts"}],"about":[{"href":"https:\/\/www.europesays.com\/ee\/wp-json\/wp\/v2\/types\/post"}],"author":[{"embeddable":true,"href":"https:\/\/www.europesays.com\/ee\/wp-json\/wp\/v2\/users\/2"}],"replies":[{"embeddable":true,"href":"https:\/\/www.europesays.com\/ee\/wp-json\/wp\/v2\/comments?post=87095"}],"version-history":[{"count":0,"href":"https:\/\/www.europesays.com\/ee\/wp-json\/wp\/v2\/posts\/87095\/revisions"}],"wp:featuredmedia":[{"embeddable":true,"href":"https:\/\/www.europesays.com\/ee\/wp-json\/wp\/v2\/media\/87096"}],"wp:attachment":[{"href":"https:\/\/www.europesays.com\/ee\/wp-json\/wp\/v2\/media?parent=87095"}],"wp:term":[{"taxonomy":"category","embeddable":true,"href":"https:\/\/www.europesays.com\/ee\/wp-json\/wp\/v2\/categories?post=87095"},{"taxonomy":"post_tag","embeddable":true,"href":"https:\/\/www.europesays.com\/ee\/wp-json\/wp\/v2\/tags?post=87095"}],"curies":[{"name":"wp","href":"https:\/\/api.w.org\/{rel}","templated":true}]}}