{"id":87211,"date":"2026-01-17T07:45:07","date_gmt":"2026-01-17T07:45:07","guid":{"rendered":"https:\/\/www.europesays.com\/ee\/87211\/"},"modified":"2026-01-17T07:45:07","modified_gmt":"2026-01-17T07:45:07","slug":"vat-need-on-majad-mis-ka-majad-on","status":"publish","type":"post","link":"https:\/\/www.europesays.com\/ee\/87211\/","title":{"rendered":"vat need on majad, mis ka majad on!"},"content":{"rendered":"<p>Kui inimesed, kes arhitektuuriajaloo vastu s\u00fcgavamat huvi ei tunne, Teise maailmas\u00f5ja eelsest ajast m\u00f5nd arhitekti nimepidi teavad, siis Karl Burmani, Herbert Johansoni ja Eugen Habermanni. Meelde tuleb Riigikogu hoone Toompea lossi hoovil, Johansonilt vast ka Raua t\u00e4nava tulet\u00f5rjemaja, Habermannilt Urla maja. Ja veel need muud ilusad majad, noh, teate k\u00fcll\u2026 Teame, teame muidugi.<\/p>\n","protected":false},"excerpt":{"rendered":"Kui inimesed, kes arhitektuuriajaloo vastu s\u00fcgavamat huvi ei tunne, Teise maailmas\u00f5ja eelsest ajast m\u00f5nd arhitekti nimepidi teavad, siis&hellip;\n","protected":false},"author":2,"featured_media":87212,"comment_status":"","ping_status":"","sticky":false,"template":"","format":"standard","meta":{"footnotes":""},"categories":[89],"tags":[194,227,225,226,180,228,186,37,33,35,199,173,182,181,34,36,183,193,178,176,190,229,230,185,184,187,191,140,195,201,198,188,179,189,192,177,196,200,197],"class_list":{"0":"post-87211","1":"post","2":"type-post","3":"status-publish","4":"format-standard","5":"has-post-thumbnail","7":"category-kunst-ja-kujundus","8":"tag-arhitektuur","9":"tag-arts","10":"tag-arts-and-design","11":"tag-artsdesign","12":"tag-arvustus","13":"tag-design","14":"tag-draamateater","15":"tag-ee","16":"tag-eesti","17":"tag-eesti-keel","18":"tag-endla","19":"tag-entertainment","20":"tag-esietendus","21":"tag-esilinastus","22":"tag-estonia","23":"tag-estonian","24":"tag-etendus","25":"tag-graafika","26":"tag-kirjandus","27":"tag-kultuur","28":"tag-kunst","29":"tag-kunst-ja-kujundus","30":"tag-kunstkujundus","31":"tag-lava","32":"tag-lavastus","33":"tag-linnateater","34":"tag-maal","35":"tag-meelelahutus","36":"tag-naitus","37":"tag-novel","38":"tag-nuku","39":"tag-ooper","40":"tag-raamat","41":"tag-rahvusooper","42":"tag-skulptuur","43":"tag-teater","44":"tag-ugala","45":"tag-vaba-lava","46":"tag-vanemuine"},"share_on_mastodon":{"url":"https:\/\/pubeurope.com\/@ee\/115909330376050789","error":""},"_links":{"self":[{"href":"https:\/\/www.europesays.com\/ee\/wp-json\/wp\/v2\/posts\/87211","targetHints":{"allow":["GET"]}}],"collection":[{"href":"https:\/\/www.europesays.com\/ee\/wp-json\/wp\/v2\/posts"}],"about":[{"href":"https:\/\/www.europesays.com\/ee\/wp-json\/wp\/v2\/types\/post"}],"author":[{"embeddable":true,"href":"https:\/\/www.europesays.com\/ee\/wp-json\/wp\/v2\/users\/2"}],"replies":[{"embeddable":true,"href":"https:\/\/www.europesays.com\/ee\/wp-json\/wp\/v2\/comments?post=87211"}],"version-history":[{"count":0,"href":"https:\/\/www.europesays.com\/ee\/wp-json\/wp\/v2\/posts\/87211\/revisions"}],"wp:featuredmedia":[{"embeddable":true,"href":"https:\/\/www.europesays.com\/ee\/wp-json\/wp\/v2\/media\/87212"}],"wp:attachment":[{"href":"https:\/\/www.europesays.com\/ee\/wp-json\/wp\/v2\/media?parent=87211"}],"wp:term":[{"taxonomy":"category","embeddable":true,"href":"https:\/\/www.europesays.com\/ee\/wp-json\/wp\/v2\/categories?post=87211"},{"taxonomy":"post_tag","embeddable":true,"href":"https:\/\/www.europesays.com\/ee\/wp-json\/wp\/v2\/tags?post=87211"}],"curies":[{"name":"wp","href":"https:\/\/api.w.org\/{rel}","templated":true}]}}