{"id":87217,"date":"2026-01-17T07:53:34","date_gmt":"2026-01-17T07:53:34","guid":{"rendered":"https:\/\/www.europesays.com\/ee\/87217\/"},"modified":"2026-01-17T07:53:34","modified_gmt":"2026-01-17T07:53:34","slug":"kari-maripuu-%e2%9f%a9-hinnatousu-pidurdamise-nimel-tuleb-langetada-makse","status":"publish","type":"post","link":"https:\/\/www.europesays.com\/ee\/87217\/","title":{"rendered":"KARI MARIPUU \u27e9 Hinnat\u00f5usu pidurdamise nimel tuleb langetada makse"},"content":{"rendered":"<p>Sageli taandatakse hinnat\u00f5usu arutelu v\u00e4listele teguritele, n\u00e4iteks globaalne inflatsioon, energiakulu v\u00f5i geopoliitilised pinged. Need on kahtlemata t\u00e4htsad, kuid kohalik toodang kallineb eelk\u00f5ige seet\u00f5ttu, et tootmiskulu aina kasvab. T\u00f6\u00f6j\u00f5u hind, toormekulu ja maksukoormus moodustavad \u00fcha suurema osa toote l\u00f5pphinnast. V\u00e4ikeses ja avatud majanduses kanduvad need tarbijahindadesse kiiresti ja ettev\u00f5tetel j\u00e4\u00e4b \u00fcha v\u00e4hem m\u00e4nguruumi.<\/p>\n","protected":false},"excerpt":{"rendered":"Sageli taandatakse hinnat\u00f5usu arutelu v\u00e4listele teguritele, n\u00e4iteks globaalne inflatsioon, energiakulu v\u00f5i geopoliitilised pinged. Need on kahtlemata t\u00e4htsad, kuid&hellip;\n","protected":false},"author":2,"featured_media":87218,"comment_status":"","ping_status":"","sticky":false,"template":"","format":"standard","meta":{"footnotes":""},"categories":[12],"tags":[26,27,37,33,35,34,36,31,32,21,43,3722,1283,28,29,778,19,25,24871,33554,37849,27111,23,24,22,20,30],"class_list":{"0":"post-87217","1":"post","2":"type-post","3":"status-publish","4":"format-standard","5":"has-post-thumbnail","7":"category-eesti","8":"tag-breaking-news","9":"tag-breakingnews","10":"tag-ee","11":"tag-eesti","12":"tag-eesti-keel","13":"tag-estonia","14":"tag-estonian","15":"tag-featured-news","16":"tag-featurednews","17":"tag-headlines","18":"tag-hinnatous","19":"tag-inflatsioon","20":"tag-kaibemaks","21":"tag-latest-news","22":"tag-latestnews","23":"tag-maksud","24":"tag-news","25":"tag-populaarseimad-lood","26":"tag-tarbimine","27":"tag-tarneahel","28":"tag-toojoumaksud","29":"tag-tootmine","30":"tag-top-stories","31":"tag-topstories","32":"tag-uldised-uudised","33":"tag-uudised","34":"tag-viimased-uudised"},"share_on_mastodon":{"url":"https:\/\/pubeurope.com\/@ee\/115909361912670424","error":""},"_links":{"self":[{"href":"https:\/\/www.europesays.com\/ee\/wp-json\/wp\/v2\/posts\/87217","targetHints":{"allow":["GET"]}}],"collection":[{"href":"https:\/\/www.europesays.com\/ee\/wp-json\/wp\/v2\/posts"}],"about":[{"href":"https:\/\/www.europesays.com\/ee\/wp-json\/wp\/v2\/types\/post"}],"author":[{"embeddable":true,"href":"https:\/\/www.europesays.com\/ee\/wp-json\/wp\/v2\/users\/2"}],"replies":[{"embeddable":true,"href":"https:\/\/www.europesays.com\/ee\/wp-json\/wp\/v2\/comments?post=87217"}],"version-history":[{"count":0,"href":"https:\/\/www.europesays.com\/ee\/wp-json\/wp\/v2\/posts\/87217\/revisions"}],"wp:featuredmedia":[{"embeddable":true,"href":"https:\/\/www.europesays.com\/ee\/wp-json\/wp\/v2\/media\/87218"}],"wp:attachment":[{"href":"https:\/\/www.europesays.com\/ee\/wp-json\/wp\/v2\/media?parent=87217"}],"wp:term":[{"taxonomy":"category","embeddable":true,"href":"https:\/\/www.europesays.com\/ee\/wp-json\/wp\/v2\/categories?post=87217"},{"taxonomy":"post_tag","embeddable":true,"href":"https:\/\/www.europesays.com\/ee\/wp-json\/wp\/v2\/tags?post=87217"}],"curies":[{"name":"wp","href":"https:\/\/api.w.org\/{rel}","templated":true}]}}