{"id":87257,"date":"2026-01-17T08:56:07","date_gmt":"2026-01-17T08:56:07","guid":{"rendered":"https:\/\/www.europesays.com\/ee\/87257\/"},"modified":"2026-01-17T08:56:07","modified_gmt":"2026-01-17T08:56:07","slug":"endise-tenniseassa-katsumused-boris-becker-on-istunud-trellide-taga-ja-hupanud-uhest-armusuhtest-teise","status":"publish","type":"post","link":"https:\/\/www.europesays.com\/ee\/87257\/","title":{"rendered":"Endise tennise\u00e4ssa katsumused. Boris Becker on istunud trellide taga ja h\u00fcpanud \u00fchest armusuhtest teise"},"content":{"rendered":"<p><img decoding=\"async\" src=\"https:\/\/www.europesays.com\/ee\/wp-content\/uploads\/2026\/01\/b2f5f9d7-610a-400d-ba95-2712fb22aff0.jpg\" loading=\"lazy\" alt=\"VASTUOLULINE TENNISESTAAR Boris Beckeri elus on olnud suuri v\u00f5ite ja suuri kaotusi.\"\/><\/p>\n<p>VASTUOLULINE TENNISESTAAR Boris Beckeri elus on olnud suuri v\u00f5ite ja suuri kaotusi.<\/p>\n<p>FOTO: Heathcliff O&#8217;Malley \/ Telegraph| Vida Press<\/p>\n<p>Kunagine maailma parim meestennisist <a rel=\"noopener nofollow\" target=\"_blank\" href=\"https:\/\/www.delfi.ee\/teema\/39527885\/boris-becker\" tag-id=\"39527885\">Boris Becker<\/a> on p\u00e4rast oma hiilgavat karj\u00e4\u00e4ri elanud k\u00f5ikuvat elu. Ta on istunud trellide taga, kaotanud palju raha ja h\u00fcpanud \u00fchest armusuhtest teise. Hiljuti sai Boris viienda lapse.<\/p>\n","protected":false},"excerpt":{"rendered":"VASTUOLULINE TENNISESTAAR Boris Beckeri elus on olnud suuri v\u00f5ite ja suuri kaotusi. FOTO: Heathcliff O&#8217;Malley \/ Telegraph| Vida&hellip;\n","protected":false},"author":2,"featured_media":87258,"comment_status":"","ping_status":"","sticky":false,"template":"","format":"standard","meta":{"footnotes":"","_share_on_mastodon":"0"},"categories":[18],"tags":[43081,37,33,35,34,36,159,158,43080,6777],"class_list":["post-87257","post","type-post","status-publish","format-standard","has-post-thumbnail","category-sport","tag-boris-becker","tag-ee","tag-eesti","tag-eesti-keel","tag-estonia","tag-estonian","tag-sport","tag-sports","tag-steffi-graf","tag-wimbledon"],"share_on_mastodon":{"url":"https:\/\/pubeurope.com\/@ee\/115909609569661840","error":""},"_links":{"self":[{"href":"https:\/\/www.europesays.com\/ee\/wp-json\/wp\/v2\/posts\/87257","targetHints":{"allow":["GET"]}}],"collection":[{"href":"https:\/\/www.europesays.com\/ee\/wp-json\/wp\/v2\/posts"}],"about":[{"href":"https:\/\/www.europesays.com\/ee\/wp-json\/wp\/v2\/types\/post"}],"author":[{"embeddable":true,"href":"https:\/\/www.europesays.com\/ee\/wp-json\/wp\/v2\/users\/2"}],"replies":[{"embeddable":true,"href":"https:\/\/www.europesays.com\/ee\/wp-json\/wp\/v2\/comments?post=87257"}],"version-history":[{"count":0,"href":"https:\/\/www.europesays.com\/ee\/wp-json\/wp\/v2\/posts\/87257\/revisions"}],"wp:featuredmedia":[{"embeddable":true,"href":"https:\/\/www.europesays.com\/ee\/wp-json\/wp\/v2\/media\/87258"}],"wp:attachment":[{"href":"https:\/\/www.europesays.com\/ee\/wp-json\/wp\/v2\/media?parent=87257"}],"wp:term":[{"taxonomy":"category","embeddable":true,"href":"https:\/\/www.europesays.com\/ee\/wp-json\/wp\/v2\/categories?post=87257"},{"taxonomy":"post_tag","embeddable":true,"href":"https:\/\/www.europesays.com\/ee\/wp-json\/wp\/v2\/tags?post=87257"}],"curies":[{"name":"wp","href":"https:\/\/api.w.org\/{rel}","templated":true}]}}