{"id":87400,"date":"2026-01-17T13:19:13","date_gmt":"2026-01-17T13:19:13","guid":{"rendered":"https:\/\/www.europesays.com\/ee\/87400\/"},"modified":"2026-01-17T13:19:13","modified_gmt":"2026-01-17T13:19:13","slug":"saaremaalt-soome-lihatoostuse-tippu","status":"publish","type":"post","link":"https:\/\/www.europesays.com\/ee\/87400\/","title":{"rendered":"Saaremaalt Soome lihat\u00f6\u00f6stuse tippu"},"content":{"rendered":"<p>Aastaid v\u00e4lisfirmades juhiametit pidanud Janno Paju t\u00f6\u00f6keel on juba \u00fcle kolmek\u00fcmne aasta olnud soome keel. Alguses rahvusvahelises v\u00e4rvitoodete ettev\u00f5ttes, viimased kuus aastat Soome suuruselt neljandas lihat\u00f6\u00f6stuses.<\/p>\n<p class=\"p3\">Firma Pouttu OY on Eesti valdusfirma Maag Grupp koosseisu kuuluv lihat\u00f6\u00f6tlemisettev\u00f5te, mille portfellis \u00fcle 250 lihatoote. Tooteid turustatakse Pouttu kaubam\u00e4rgi all ja t\u00f6\u00f6stus tegutseb Kesk-Soomes viie tuhande elanikuga Kannuse v\u00e4ikelinnas. Paju m\u00e4rgib, et kohalikud nimetavad seda kanti Pohjanmaaks, justkui r\u00f5hutades, et ollakse juba p\u00e4ris p\u00f5hjas, kuigi geograafiliselt on tegu Kesk-Soomega.<\/p>\n","protected":false},"excerpt":{"rendered":"Aastaid v\u00e4lisfirmades juhiametit pidanud Janno Paju t\u00f6\u00f6keel on juba \u00fcle kolmek\u00fcmne aasta olnud soome keel. Alguses rahvusvahelises v\u00e4rvitoodete&hellip;\n","protected":false},"author":2,"featured_media":87401,"comment_status":"","ping_status":"","sticky":false,"template":"","format":"standard","meta":{"footnotes":"","_share_on_mastodon":"0"},"categories":[16],"tags":[37,33,35,173,34,36,5658,43136,43135,2180,140,43137,5463,113],"class_list":["post-87400","post","type-post","status-publish","format-standard","has-post-thumbnail","category-meelelahutus","tag-ee","tag-eesti","tag-eesti-keel","tag-entertainment","tag-estonia","tag-estonian","tag-finnair","tag-janno-paju","tag-kannus","tag-maag-grupp","tag-meelelahutus","tag-pouttu-oy","tag-seakatk","tag-soome"],"share_on_mastodon":{"url":"https:\/\/pubeurope.com\/@ee\/115910643802596367","error":""},"_links":{"self":[{"href":"https:\/\/www.europesays.com\/ee\/wp-json\/wp\/v2\/posts\/87400","targetHints":{"allow":["GET"]}}],"collection":[{"href":"https:\/\/www.europesays.com\/ee\/wp-json\/wp\/v2\/posts"}],"about":[{"href":"https:\/\/www.europesays.com\/ee\/wp-json\/wp\/v2\/types\/post"}],"author":[{"embeddable":true,"href":"https:\/\/www.europesays.com\/ee\/wp-json\/wp\/v2\/users\/2"}],"replies":[{"embeddable":true,"href":"https:\/\/www.europesays.com\/ee\/wp-json\/wp\/v2\/comments?post=87400"}],"version-history":[{"count":0,"href":"https:\/\/www.europesays.com\/ee\/wp-json\/wp\/v2\/posts\/87400\/revisions"}],"wp:featuredmedia":[{"embeddable":true,"href":"https:\/\/www.europesays.com\/ee\/wp-json\/wp\/v2\/media\/87401"}],"wp:attachment":[{"href":"https:\/\/www.europesays.com\/ee\/wp-json\/wp\/v2\/media?parent=87400"}],"wp:term":[{"taxonomy":"category","embeddable":true,"href":"https:\/\/www.europesays.com\/ee\/wp-json\/wp\/v2\/categories?post=87400"},{"taxonomy":"post_tag","embeddable":true,"href":"https:\/\/www.europesays.com\/ee\/wp-json\/wp\/v2\/tags?post=87400"}],"curies":[{"name":"wp","href":"https:\/\/api.w.org\/{rel}","templated":true}]}}