{"id":87441,"date":"2026-01-17T14:07:06","date_gmt":"2026-01-17T14:07:06","guid":{"rendered":"https:\/\/www.europesays.com\/ee\/87441\/"},"modified":"2026-01-17T14:07:06","modified_gmt":"2026-01-17T14:07:06","slug":"galerii-%e2%9f%a9-tuleb-loota-et-robotil-mitte-ukski-sensor-ei-anna-alla-kaib-suur-robootikafestival","status":"publish","type":"post","link":"https:\/\/www.europesays.com\/ee\/87441\/","title":{"rendered":"GALERII \u27e9 \u00abTuleb loota, et robotil mitte \u00fckski sensor ei anna alla\u00bb. K\u00e4ib suur robootikafestival"},"content":{"rendered":"<p>Tuleb loota, et robotil mitte \u00fckski sensor ei anna alla. Tuleb p\u00f6idlad pihus hoida, et robot l\u00e4heb etteantud teed. Enamasti juhtub k\u00fcll, et ta ei l\u00e4he \u00f5igesti. K\u00f5ige raskem ongi ilmselt teha kood selliseks, et robot igal juhul peaks vastu. Nii kirjeldas Delta X festivaliks loodud jalgpallirobotit Margus Metsa\u00e4\u00e4r Rapla kesklinna koolist. Ta on \u00fcks mitmesajast osalejast t\u00e4na maa\u00fclikooli spordihoones peetaval robootika ja inseneeria valdkonna suurel peol, kuhu on oodatud publikuks k\u00f5ik huvilised.<\/p>\n","protected":false},"excerpt":{"rendered":"Tuleb loota, et robotil mitte \u00fckski sensor ei anna alla. Tuleb p\u00f6idlad pihus hoida, et robot l\u00e4heb etteantud&hellip;\n","protected":false},"author":2,"featured_media":87442,"comment_status":"","ping_status":"","sticky":false,"template":"","format":"standard","meta":{"footnotes":""},"categories":[12],"tags":[26,27,43163,37,33,35,34,36,31,32,21,4061,43162,28,29,43161,19,25,21693,28365,2424,14052,23,24,22,3515,20,30],"class_list":{"0":"post-87441","1":"post","2":"type-post","3":"status-publish","4":"format-standard","5":"has-post-thumbnail","7":"category-eesti","8":"tag-breaking-news","9":"tag-breakingnews","10":"tag-delta-x-festival","11":"tag-ee","12":"tag-eesti","13":"tag-eesti-keel","14":"tag-estonia","15":"tag-estonian","16":"tag-featured-news","17":"tag-featurednews","18":"tag-headlines","19":"tag-inseneeria","20":"tag-karl-kruusamae","21":"tag-latest-news","22":"tag-latestnews","23":"tag-metsaaar","24":"tag-news","25":"tag-populaarseimad-lood","26":"tag-robootika","27":"tag-spordihoone","28":"tag-tartu-ulikool","29":"tag-toomas-asser","30":"tag-top-stories","31":"tag-topstories","32":"tag-uldised-uudised","33":"tag-urmas-klaas","34":"tag-uudised","35":"tag-viimased-uudised"},"share_on_mastodon":{"url":"https:\/\/pubeurope.com\/@ee\/115910832446556000","error":""},"_links":{"self":[{"href":"https:\/\/www.europesays.com\/ee\/wp-json\/wp\/v2\/posts\/87441","targetHints":{"allow":["GET"]}}],"collection":[{"href":"https:\/\/www.europesays.com\/ee\/wp-json\/wp\/v2\/posts"}],"about":[{"href":"https:\/\/www.europesays.com\/ee\/wp-json\/wp\/v2\/types\/post"}],"author":[{"embeddable":true,"href":"https:\/\/www.europesays.com\/ee\/wp-json\/wp\/v2\/users\/2"}],"replies":[{"embeddable":true,"href":"https:\/\/www.europesays.com\/ee\/wp-json\/wp\/v2\/comments?post=87441"}],"version-history":[{"count":0,"href":"https:\/\/www.europesays.com\/ee\/wp-json\/wp\/v2\/posts\/87441\/revisions"}],"wp:featuredmedia":[{"embeddable":true,"href":"https:\/\/www.europesays.com\/ee\/wp-json\/wp\/v2\/media\/87442"}],"wp:attachment":[{"href":"https:\/\/www.europesays.com\/ee\/wp-json\/wp\/v2\/media?parent=87441"}],"wp:term":[{"taxonomy":"category","embeddable":true,"href":"https:\/\/www.europesays.com\/ee\/wp-json\/wp\/v2\/categories?post=87441"},{"taxonomy":"post_tag","embeddable":true,"href":"https:\/\/www.europesays.com\/ee\/wp-json\/wp\/v2\/tags?post=87441"}],"curies":[{"name":"wp","href":"https:\/\/api.w.org\/{rel}","templated":true}]}}