{"id":87525,"date":"2026-01-17T16:41:06","date_gmt":"2026-01-17T16:41:06","guid":{"rendered":"https:\/\/www.europesays.com\/ee\/87525\/"},"modified":"2026-01-17T16:41:06","modified_gmt":"2026-01-17T16:41:06","slug":"eestlaste-uhe-lemmikaktsia-hind-tegi-usa-borsil-voimsa-huppe","status":"publish","type":"post","link":"https:\/\/www.europesays.com\/ee\/87525\/","title":{"rendered":"Eestlaste \u00fche lemmikaktsia hind tegi USA b\u00f6rsil v\u00f5imsa h\u00fcppe"},"content":{"rendered":"<p class=\"MsoNormal\">Kui Kopenhaagenis j\u00f5udis aktsia rallida eile 6,49 protsenti, 388,90 euroni, siis New Yorgis \u00f5htul hinnat\u00f5us j\u00e4tkus ning Novo Nordiski aktsia hind l\u00f5petas 9,12-protsendise t\u00f5usuga, 62,33 dollaril. Kuigi viimase kuuga on ravimihiiu aktsia kallinenud enam kui veerandi v\u00f5rra, on see 2024. aasta suvel saavutatud tipust ka praegu kaks ja pool korda odavam.<\/p>\n","protected":false},"excerpt":{"rendered":"Kui Kopenhaagenis j\u00f5udis aktsia rallida eile 6,49 protsenti, 388,90 euroni, siis New Yorgis \u00f5htul hinnat\u00f5us j\u00e4tkus ning Novo&hellip;\n","protected":false},"author":2,"featured_media":87526,"comment_status":"","ping_status":"","sticky":false,"template":"","format":"standard","meta":{"footnotes":"","_share_on_mastodon":"0"},"categories":[12],"tags":[43176,26,27,37,33,35,43177,34,36,31,32,7927,21,43175,2554,28,29,1173,19,20957,25,15467,23,24,22,20,30,3402],"class_list":["post-87525","post","type-post","status-publish","format-standard","has-post-thumbnail","category-eesti","tag-aktsia-hind","tag-breaking-news","tag-breakingnews","tag-ee","tag-eesti","tag-eesti-keel","tag-eli-lilly","tag-estonia","tag-estonian","tag-featured-news","tag-featurednews","tag-glp-1","tag-headlines","tag-kaalulangetustablett","tag-kopenhaagen","tag-latest-news","tag-latestnews","tag-new-york","tag-news","tag-novo-nordisk","tag-populaarseimad-lood","tag-retseptid","tag-top-stories","tag-topstories","tag-uldised-uudised","tag-uudised","tag-viimased-uudised","tag-wegovy"],"share_on_mastodon":{"url":"https:\/\/pubeurope.com\/@ee\/115911438033879501","error":""},"_links":{"self":[{"href":"https:\/\/www.europesays.com\/ee\/wp-json\/wp\/v2\/posts\/87525","targetHints":{"allow":["GET"]}}],"collection":[{"href":"https:\/\/www.europesays.com\/ee\/wp-json\/wp\/v2\/posts"}],"about":[{"href":"https:\/\/www.europesays.com\/ee\/wp-json\/wp\/v2\/types\/post"}],"author":[{"embeddable":true,"href":"https:\/\/www.europesays.com\/ee\/wp-json\/wp\/v2\/users\/2"}],"replies":[{"embeddable":true,"href":"https:\/\/www.europesays.com\/ee\/wp-json\/wp\/v2\/comments?post=87525"}],"version-history":[{"count":0,"href":"https:\/\/www.europesays.com\/ee\/wp-json\/wp\/v2\/posts\/87525\/revisions"}],"wp:featuredmedia":[{"embeddable":true,"href":"https:\/\/www.europesays.com\/ee\/wp-json\/wp\/v2\/media\/87526"}],"wp:attachment":[{"href":"https:\/\/www.europesays.com\/ee\/wp-json\/wp\/v2\/media?parent=87525"}],"wp:term":[{"taxonomy":"category","embeddable":true,"href":"https:\/\/www.europesays.com\/ee\/wp-json\/wp\/v2\/categories?post=87525"},{"taxonomy":"post_tag","embeddable":true,"href":"https:\/\/www.europesays.com\/ee\/wp-json\/wp\/v2\/tags?post=87525"}],"curies":[{"name":"wp","href":"https:\/\/api.w.org\/{rel}","templated":true}]}}