{"id":87920,"date":"2026-01-18T13:34:07","date_gmt":"2026-01-18T13:34:07","guid":{"rendered":"https:\/\/www.europesays.com\/ee\/87920\/"},"modified":"2026-01-18T13:34:07","modified_gmt":"2026-01-18T13:34:07","slug":"kalev-jai-napilt-om-piletita-votan-oma-parima-mk-koha-ikkagi-avasuli-vastu-suusatamine","status":"publish","type":"post","link":"https:\/\/www.europesays.com\/ee\/87920\/","title":{"rendered":"Kalev j\u00e4i napilt OM-piletita: v\u00f5tan oma parima MK-koha ikkagi avas\u00fcli vastu | Suusatamine"},"content":{"rendered":"<p>Murdmaasuusatamise MK-etapil Saksamaal Oberhofis said paika Milano Cortina taliol\u00fcmpiale s\u00f5itvad Eesti suusatajad.<\/p>\n<p>Eesti murdmaameeste parimana sai Martin Himma p\u00fchap\u00e4evases Oberhofi 10 km klassikas\u00f5idus 32. koha. Kaotust v\u00f5itjale Martin L\u00f6wstr\u00f6m Nyengetile kogunes 1.14,8, koht esimese 30 seas j\u00e4i kolme sekundi kaugusele.<\/p>\n<p>&#8220;Ei taha see TOP30 \u00e4ra tulla: t\u00e4na j\u00e4i veel v\u00e4hem puudu kui muidu,&#8221; alustas Himma suusaliidule p\u00fchap\u00e4evast kokkuv\u00f5tet. &#8220;Oleksin tahtnud viis sekundit kiirem olla, kuid positiivne on see, et jaksu on. Alustasin julgelt ja enesetunne oli hea. Esimese ringi l\u00f5pp ja teise algus olid aga keerulisemad ning pidin end veidi tagasi hoidma. \u00d5nneks taastusin ilusti \u00e4ra. Libisemine oli v\u00e4ga hea, pidamine nii ja naa, aga suutsin kenasti l\u00f5puni s\u00f5ita. Vaatasin, et l\u00f5pus oli pulss suhteliselt madal, mis v\u00f5ib t\u00e4hendada, et kui saaks pulsi k\u00f5rgemaks, oleks ka v\u00e4rskust rohkem.&#8221;<\/p>\n<p>Kui Himma ja Alvar Johannes Alevi koht ol\u00fcmpiakoondises oli enne p\u00fchap\u00e4eva kindel, k\u00e4is viimase pileti peale veel v\u00f5itlus. MK-sarja punktide alusel hoidis kolmandast ol\u00fcmpiakohast kinni Karl Sebastian Dremljuga, l\u00e4him j\u00e4litaja Christopher Kalev pidanuks l\u00f5petama 32. kohal, ent kaotas sel positsioonil l\u00f5petanud Himmale 6,6 sekundit ja oli 35.<\/p>\n<p>&#8220;Eesm\u00e4rk oli muidugi ol\u00fcmpiakohta p\u00fc\u00fcdma minna \u2013 teadsin, et pean s\u00f5itma v\u00e4lja v\u00e4hemalt 32. koha. Enda arvates alustasin suhteliselt julgelt, ehkki esimesed vaheajad seda ei peegelda,&#8221; kommenteeris n\u00e4dala keskel haigusega v\u00f5idelnud Kalev. &#8220;Esimese ringi s\u00f5itsin t\u00f5usvas tempos. Teise ringi p\u00f5hit\u00f5usul muutusid jalad kangeks, aga v\u00f5itlesin l\u00f5puni. L\u00f5puks on see ikkagi minu elu parim MK-koht. V\u00f5tan selle avas\u00fcli vastu, treenin edasi ja ootan j\u00e4rgmisi v\u00f5istlusi.&#8221;<\/p>\n","protected":false},"excerpt":{"rendered":"Murdmaasuusatamise MK-etapil Saksamaal Oberhofis said paika Milano Cortina taliol\u00fcmpiale s\u00f5itvad Eesti suusatajad. Eesti murdmaameeste parimana sai Martin Himma&hellip;\n","protected":false},"author":2,"featured_media":87921,"comment_status":"","ping_status":"","sticky":false,"template":"","format":"standard","meta":{"footnotes":"","_share_on_mastodon":"0"},"categories":[5],"tags":[26,27,9096,37,33,35,34,36,31,32,21,28,29,3022,25993,19,25,23,24,22,20,30],"class_list":["post-87920","post","type-post","status-publish","format-standard","has-post-thumbnail","category-uldised-uudised","tag-breaking-news","tag-breakingnews","tag-christopher-kalev","tag-ee","tag-eesti","tag-eesti-keel","tag-estonia","tag-estonian","tag-featured-news","tag-featurednews","tag-headlines","tag-latest-news","tag-latestnews","tag-martin-himma","tag-murdmaasuusatamise-mk-sari","tag-news","tag-populaarseimad-lood","tag-top-stories","tag-topstories","tag-uldised-uudised","tag-uudised","tag-viimased-uudised"],"share_on_mastodon":{"url":"https:\/\/pubeurope.com\/@ee\/115916364995970910","error":""},"_links":{"self":[{"href":"https:\/\/www.europesays.com\/ee\/wp-json\/wp\/v2\/posts\/87920","targetHints":{"allow":["GET"]}}],"collection":[{"href":"https:\/\/www.europesays.com\/ee\/wp-json\/wp\/v2\/posts"}],"about":[{"href":"https:\/\/www.europesays.com\/ee\/wp-json\/wp\/v2\/types\/post"}],"author":[{"embeddable":true,"href":"https:\/\/www.europesays.com\/ee\/wp-json\/wp\/v2\/users\/2"}],"replies":[{"embeddable":true,"href":"https:\/\/www.europesays.com\/ee\/wp-json\/wp\/v2\/comments?post=87920"}],"version-history":[{"count":0,"href":"https:\/\/www.europesays.com\/ee\/wp-json\/wp\/v2\/posts\/87920\/revisions"}],"wp:featuredmedia":[{"embeddable":true,"href":"https:\/\/www.europesays.com\/ee\/wp-json\/wp\/v2\/media\/87921"}],"wp:attachment":[{"href":"https:\/\/www.europesays.com\/ee\/wp-json\/wp\/v2\/media?parent=87920"}],"wp:term":[{"taxonomy":"category","embeddable":true,"href":"https:\/\/www.europesays.com\/ee\/wp-json\/wp\/v2\/categories?post=87920"},{"taxonomy":"post_tag","embeddable":true,"href":"https:\/\/www.europesays.com\/ee\/wp-json\/wp\/v2\/tags?post=87920"}],"curies":[{"name":"wp","href":"https:\/\/api.w.org\/{rel}","templated":true}]}}