{"id":87990,"date":"2026-01-18T15:42:06","date_gmt":"2026-01-18T15:42:06","guid":{"rendered":"https:\/\/www.europesays.com\/ee\/87990\/"},"modified":"2026-01-18T15:42:06","modified_gmt":"2026-01-18T15:42:06","slug":"prevc-jattis-jaapanlased-kodumael-esikohata-suusahupped","status":"publish","type":"post","link":"https:\/\/www.europesays.com\/ee\/87990\/","title":{"rendered":"Prevc j\u00e4ttis jaapanlased kodum\u00e4el esikohata | Suusah\u00fcpped"},"content":{"rendered":"<p>Nelja h\u00fcppem\u00e4e turnee t\u00e4navune \u00fcldv\u00f5itja Domen Prevc j\u00e4tkas suurep\u00e4rast hooaega ka sel n\u00e4dalavahetusel Sapporos toimunud maailmakarikaetapil, kus v\u00f5itis m\u00f5lemad v\u00f5istlused.<\/p>\n<p>Laup\u00e4eval h\u00fcppas ta 132 ja 141 meetrit ning teenis 285,7 punkti. Pjedestaali kaks madalamat kohta kuulusid jaapanlastele: teine oli Naoki Nakamura (263,6) ja kolmas Ren Nikaido (257,6).<\/p>\n<p>Kui laup\u00e4eval oli Prevci \u00fclemv\u00f5im selge, siis p\u00fchap\u00e4eval suutis ta vaid 3,5 punktiga saada jagu kohalikust legendist Ryoyu Kobayashist. Prevc kogus kahe h\u00fcppega 277,7 ja Kobayashi 274,2 punkti. Nende j\u00e4rel tuli kolmandaks eelmise hooaja MK-sarja \u00fcldv\u00f5itja Daniel Tschofenig (Austria; 265,8).<\/p>\n<p>Sapporos tegi kaasa ka Eesti suusah\u00fcppaja Andero Kapp, kes kummalgi v\u00f5istlusel kvalifikatsioonsist edasi ei saanud. Kirja l\u00e4ksid 63. ja 66. koht.<\/p>\n<p>MK-sarja kokkuv\u00f5ttes on Prevcil koos 144 punkti ja Kobayashi j\u00e4\u00e4b teisena temast juba 467 punkti kaugusele. Kolmas 761 punktiga Nikaido.<\/p>\n<p>J\u00e4rgmisena ootavad suusah\u00fcppajaid ees lennum\u00e4e maailmameistriv\u00f5istlused Oberstdorfis, kus v\u00f5isteldakse 23.-24. jaanuaril.<\/p>\n","protected":false},"excerpt":{"rendered":"Nelja h\u00fcppem\u00e4e turnee t\u00e4navune \u00fcldv\u00f5itja Domen Prevc j\u00e4tkas suurep\u00e4rast hooaega ka sel n\u00e4dalavahetusel Sapporos toimunud maailmakarikaetapil, kus v\u00f5itis&hellip;\n","protected":false},"author":2,"featured_media":87991,"comment_status":"","ping_status":"","sticky":false,"template":"","format":"standard","meta":{"footnotes":"","_share_on_mastodon":"0"},"categories":[18],"tags":[5120,1703,37,33,35,34,36,1701,159,158,23989],"class_list":["post-87990","post","type-post","status-publish","format-standard","has-post-thumbnail","category-sport","tag-andero-kapp","tag-domen-prevc","tag-ee","tag-eesti","tag-eesti-keel","tag-estonia","tag-estonian","tag-ryoyu-kobayashi","tag-sport","tag-sports","tag-suusahupete-mk"],"share_on_mastodon":{"url":"https:\/\/pubeurope.com\/@ee\/115916868307914237","error":""},"_links":{"self":[{"href":"https:\/\/www.europesays.com\/ee\/wp-json\/wp\/v2\/posts\/87990","targetHints":{"allow":["GET"]}}],"collection":[{"href":"https:\/\/www.europesays.com\/ee\/wp-json\/wp\/v2\/posts"}],"about":[{"href":"https:\/\/www.europesays.com\/ee\/wp-json\/wp\/v2\/types\/post"}],"author":[{"embeddable":true,"href":"https:\/\/www.europesays.com\/ee\/wp-json\/wp\/v2\/users\/2"}],"replies":[{"embeddable":true,"href":"https:\/\/www.europesays.com\/ee\/wp-json\/wp\/v2\/comments?post=87990"}],"version-history":[{"count":0,"href":"https:\/\/www.europesays.com\/ee\/wp-json\/wp\/v2\/posts\/87990\/revisions"}],"wp:featuredmedia":[{"embeddable":true,"href":"https:\/\/www.europesays.com\/ee\/wp-json\/wp\/v2\/media\/87991"}],"wp:attachment":[{"href":"https:\/\/www.europesays.com\/ee\/wp-json\/wp\/v2\/media?parent=87990"}],"wp:term":[{"taxonomy":"category","embeddable":true,"href":"https:\/\/www.europesays.com\/ee\/wp-json\/wp\/v2\/categories?post=87990"},{"taxonomy":"post_tag","embeddable":true,"href":"https:\/\/www.europesays.com\/ee\/wp-json\/wp\/v2\/tags?post=87990"}],"curies":[{"name":"wp","href":"https:\/\/api.w.org\/{rel}","templated":true}]}}