{"id":88096,"date":"2026-01-18T18:09:22","date_gmt":"2026-01-18T18:09:22","guid":{"rendered":"https:\/\/www.europesays.com\/ee\/88096\/"},"modified":"2026-01-18T18:09:22","modified_gmt":"2026-01-18T18:09:22","slug":"oberhofi-maailmakarikavoistlused-2025-2026-meeste-sprindikvalifikatsiooni-tulemused","status":"publish","type":"post","link":"https:\/\/www.europesays.com\/ee\/88096\/","title":{"rendered":"Oberhofi maailmakarikav\u00f5istlused 2025\/2026: meeste sprindikvalifikatsiooni tulemused"},"content":{"rendered":"<p>Oberhofi maailmakarika sprindiv\u00f5istluse sprindifinaali p\u00e4\u00e4sesid 30 parimat suusatajat. Sprindieels\u00f5idud algavad kell 16:35 Kesk-Euroopa aja j\u00e4rgi.\u00a0<\/p>\n<p>Oberhofi maailmakarikav\u00f5istlused \u2013 sprintvabastiili kvalifikatsioon<\/p>\n<p class=\"gt-block\">5 parimat \u2013 mehed<\/p>\n<ol start=\"1\" class=\"wp-block-list\">\n<li>Lars Heggen (NOR), 2:24.40<\/li>\n<li>Roman Alder (\u0160veitsi F\u00f6deratsioon), +0.19<\/li>\n<li>George Ersson (Rootsi), +1.21<\/li>\n<li>Federico Pellegrino (ITA), +1.62<\/li>\n<li>Noe Naeff (\u0160veitsi F\u00f6deratsioon), +1.75<\/li>\n<\/ol>\n<p class=\"gt-block\">T\u00e4ielikud kvalifikatsioonitulemused leiate <a href=\"https:\/\/www.proxcskiing.com\/et\/s%C3%BCndmus\/fis-wc-oberhof-sprint-f\/\" target=\"_blank\" rel=\"noreferrer noopener nofollow\">SIIN<\/a><\/p>\n<p class=\"gt-block\">Samuti loe &#8211; <a href=\"https:\/\/www.proxcskiing.com\/et\/traditsiooniline-suusatamine\/Oberhofi-murdmaasuusatamise-maailmakarika-t%C3%A4ielik-programm\/\" target=\"_blank\" rel=\"noreferrer noopener nofollow\">Murdmaasuusatamise maailmameistriv\u00f5istlused: Oberhofi t\u00e4ielik programm<\/a><\/p>\n<p>FAKTID Oberhofi maailmameistriv\u00f5istluste hooaeg 2025\/2026<\/p>\n<p class=\"gt-block\">PROGRAMM<\/p>\n<p class=\"gt-block\">Laup\u00e4ev, 17. jaanuar: Sprint Freestyle (Lisateavet leiate aadressilt <a href=\"https:\/\/www.proxcskiing.com\/et\/s%C3%BCndmus\/fis-wc-oberhof-sprint-f\/\" target=\"_blank\" rel=\"noreferrer noopener nofollow\">SIIN<\/a>)<\/p>\n<ul class=\"wp-block-list\">\n<li>13:35 CET: Sprindi kvalifikatsioon vabaujumises, naised<\/li>\n<li>14:08 CET: Sprindi kvalifikatsioon vabaujumises, mehed<\/li>\n<li>16:05 CET: Naiste vabaujumise finaal<\/li>\n<li>16:05 CET: Meeste vabaujumise finaal<\/li>\n<\/ul>\n<p class=\"gt-block\">P\u00fchap\u00e4ev, 18. jaanuar: 10 km intervallstardist klassikaline s\u00f5it (lisateavet leiate <a href=\"https:\/\/www.proxcskiing.com\/et\/s%C3%BCndmus\/fis-wc-oberhof-10-km-c\/\" target=\"_blank\" rel=\"noreferrer noopener nofollow\">SIIN<\/a>)<\/p>\n<ul class=\"wp-block-list\">\n<li>10:45 CET: 10 km intervallstardist klassikalised distantsid, mehed<\/li>\n<li>12:55 CET: 10 km intervallstardist klassikalised distantsid, naised<\/li>\n<\/ul>\n<p class=\"gt-block\">Loe edasi:\u00a0<a href=\"https:\/\/www.proxcskiing.com\/et\/traditsiooniline-suusatamine\/Murdmaasuusatamise-maailmameistriv%C3%B5istluste-kalender-2025.-ja-2026.-aasta-talvehooajaks\/\" target=\"_blank\" rel=\"noreferrer noopener nofollow\">Murdmaasuusatamise maailmameistriv\u00f5istlused: 2025\/2026 talvehooaja kalender<\/a>\u00a0<\/p>\n<p class=\"gt-block\">Kas olete huvitatud traditsioonilisest murdmaasuusatamisest? Kl\u00f5psake siin<a href=\"https:\/\/www.proxcskiing.com\/et\/kategooria\/traditsiooniline-suusatamine\/\" target=\"_blank\" rel=\"noreferrer noopener nofollow\">SIIN<\/a>\u00a0ja loe selle kohta l\u00e4hemalt.<\/p>\n<p>ProXCskiing.com liikmena saate t\u00e4ieliku juurdep\u00e4\u00e4su kogu saidi sisule. Samuti otse\u00fclekanded Ski Classics \u00fcritused on saadaval ingliskeelsete kommentaaridega.<\/p>\n<p>Kui sinust saab osa \u00fchest maailma juhtivast murdmaasuusatamise kogukonnast, saad aastaringselt palju eksklusiivseid pakkumisi.<\/p>\n<p><a href=\"https:\/\/proxcskiing.com\/profile\/\" target=\"_blank\" rel=\"noreferrer noopener nofollow\"><img fetchpriority=\"high\" decoding=\"async\" width=\"1024\" height=\"313\" src=\"https:\/\/www.europesays.com\/ee\/wp-content\/uploads\/2025\/12\/Pro-XC-Skiing_WinterBanner_2024_980x300_EN-1024x313.png\" alt=\"Banner 2024\" class=\"wp-image-77122\"  \/><\/a><\/p>\n<p class=\"gt-block has-text-align-center\"><a href=\"https:\/\/proxcskiing.com\/profile\/\" target=\"_blank\" rel=\"noreferrer noopener nofollow\">REGISTREERU SIIN LIIKMEKS<\/a><\/p>\n","protected":false},"excerpt":{"rendered":"Oberhofi maailmakarika sprindiv\u00f5istluse sprindifinaali p\u00e4\u00e4sesid 30 parimat suusatajat. Sprindieels\u00f5idud algavad kell 16:35 Kesk-Euroopa aja j\u00e4rgi.\u00a0 Oberhofi maailmakarikav\u00f5istlused \u2013&hellip;\n","protected":false},"author":2,"featured_media":88097,"comment_status":"","ping_status":"","sticky":false,"template":"","format":"standard","meta":{"footnotes":"","_share_on_mastodon":"0"},"categories":[5],"tags":[26,27,37,33,35,34,36,31,32,21,28,29,19,35428,25,38295,35584,12915,23,24,22,20,30,35585],"class_list":["post-88096","post","type-post","status-publish","format-standard","has-post-thumbnail","category-uldised-uudised","tag-breaking-news","tag-breakingnews","tag-ee","tag-eesti","tag-eesti-keel","tag-estonia","tag-estonian","tag-featured-news","tag-featurednews","tag-headlines","tag-latest-news","tag-latestnews","tag-news","tag-oberhof","tag-populaarseimad-lood","tag-proxcskiing-com","tag-proxcskimine","tag-sprint","tag-top-stories","tag-topstories","tag-uldised-uudised","tag-uudised","tag-viimased-uudised","tag-world-cup"],"share_on_mastodon":{"url":"https:\/\/pubeurope.com\/@ee\/115917446383362922","error":""},"_links":{"self":[{"href":"https:\/\/www.europesays.com\/ee\/wp-json\/wp\/v2\/posts\/88096","targetHints":{"allow":["GET"]}}],"collection":[{"href":"https:\/\/www.europesays.com\/ee\/wp-json\/wp\/v2\/posts"}],"about":[{"href":"https:\/\/www.europesays.com\/ee\/wp-json\/wp\/v2\/types\/post"}],"author":[{"embeddable":true,"href":"https:\/\/www.europesays.com\/ee\/wp-json\/wp\/v2\/users\/2"}],"replies":[{"embeddable":true,"href":"https:\/\/www.europesays.com\/ee\/wp-json\/wp\/v2\/comments?post=88096"}],"version-history":[{"count":0,"href":"https:\/\/www.europesays.com\/ee\/wp-json\/wp\/v2\/posts\/88096\/revisions"}],"wp:featuredmedia":[{"embeddable":true,"href":"https:\/\/www.europesays.com\/ee\/wp-json\/wp\/v2\/media\/88097"}],"wp:attachment":[{"href":"https:\/\/www.europesays.com\/ee\/wp-json\/wp\/v2\/media?parent=88096"}],"wp:term":[{"taxonomy":"category","embeddable":true,"href":"https:\/\/www.europesays.com\/ee\/wp-json\/wp\/v2\/categories?post=88096"},{"taxonomy":"post_tag","embeddable":true,"href":"https:\/\/www.europesays.com\/ee\/wp-json\/wp\/v2\/tags?post=88096"}],"curies":[{"name":"wp","href":"https:\/\/api.w.org\/{rel}","templated":true}]}}