{"id":88142,"date":"2026-01-18T20:12:12","date_gmt":"2026-01-18T20:12:12","guid":{"rendered":"https:\/\/www.europesays.com\/ee\/88142\/"},"modified":"2026-01-18T20:12:12","modified_gmt":"2026-01-18T20:12:12","slug":"nyenget-voidab-oberhofis-toimunud-maailmakarikavoistlustel-10-km-klassikasoidu","status":"publish","type":"post","link":"https:\/\/www.europesays.com\/ee\/88142\/","title":{"rendered":"Nyenget v\u00f5idab Oberhofis toimunud maailmakarikav\u00f5istlustel 10 km klassikas\u00f5idu"},"content":{"rendered":"<p>Martin L\u00f8wstr\u00f8m Nyenget (NOR) saavutas Saksamaal Oberhofis toimunud maailmakarikav\u00f5istlustel meeste 10 km intervallstardiga klassikalises tehnikas esikoha \u2013 meeste ala t\u00e4ielikud tulemused.<\/p>\n<p>Meeste 10 km intervallstardiga klassikalises s\u00f5idus v\u00f5itis Martin L\u00f8wstr\u00f8m Nyenget. Norra suusataja s\u00f5itis finaalis v\u00e4lja kiireima aja, peatades kella ajaga 21:09.1.<\/p>\n<p>Soomlane Iivo Niskanen kindlustas endale teise koha, j\u00e4\u00e4des maha vaid 13.8 sekundiga, samas kui norralane Erik Valnes tegi tugeva esituse, saavutades kolmanda koha, j\u00e4\u00e4des maha 14.5 sekundiga.\u00a0<\/p>\n<p>Meeste 5 parimat, 10 km intervallstardist klassika<\/p>\n<ol start=\"1\" class=\"wp-block-list\">\n<li>Martin L\u00f8wstr\u00f8m Nyenget (NOR), 21:09.1<\/li>\n<li>Iivo Niskanen (Soome), +13.8<\/li>\n<li>\u00a0 Erik Valnes (NOR), +14.5<\/li>\n<li>Elia Barp (ITAAL), +17.5<\/li>\n<li>Savelii Korostelev (AIN), +24.2<\/li>\n<\/ol>\n<p class=\"gt-block\">T\u00e4ielikud tulemused leiate <a href=\"https:\/\/www.proxcskiing.com\/et\/s%C3%BCndmus\/fis-wc-oberhof-10-km-c\/\" target=\"_blank\" rel=\"noreferrer noopener nofollow\">SIIN<\/a><\/p>\n<p class=\"gt-block\">Samuti loe &#8211; <a href=\"https:\/\/www.proxcskiing.com\/et\/traditsiooniline-suusatamine\/Oberhofi-murdmaasuusatamise-maailmakarika-t%C3%A4ielik-programm\/\" target=\"_blank\" rel=\"noreferrer noopener nofollow\">Murdmaasuusatamise maailmameistriv\u00f5istlused: Oberhofi t\u00e4ielik programm<\/a><\/p>\n<p>FAKTID Oberhofi maailmameistriv\u00f5istluste hooaeg 2025\/2026<\/p>\n<p class=\"gt-block\">PROGRAMM<\/p>\n<p class=\"gt-block\">Laup\u00e4ev, 17. jaanuar: Sprint Freestyle (Lisateavet leiate aadressilt <a href=\"https:\/\/www.proxcskiing.com\/et\/s%C3%BCndmus\/fis-wc-oberhof-sprint-f\/\" target=\"_blank\" rel=\"noreferrer noopener nofollow\">SIIN<\/a>)<\/p>\n<ul class=\"wp-block-list\">\n<li>13:35 CET: Sprindi kvalifikatsioon vabaujumises, naised<\/li>\n<li>14:08 CET: Sprindi kvalifikatsioon vabaujumises, mehed<\/li>\n<li>16:05 CET: Naiste vabaujumise finaal<\/li>\n<li>16:05 CET: Meeste vabaujumise finaal<\/li>\n<\/ul>\n<p class=\"gt-block\">P\u00fchap\u00e4ev, 18. jaanuar: 10 km intervallstardist klassikaline s\u00f5it (lisateavet leiate <a href=\"https:\/\/www.proxcskiing.com\/et\/s%C3%BCndmus\/fis-wc-oberhof-10-km-c\/\" target=\"_blank\" rel=\"noreferrer noopener nofollow\">SIIN<\/a>)<\/p>\n<ul class=\"wp-block-list\">\n<li>10:45 CET: 10 km intervallstardist klassikalised distantsid, mehed<\/li>\n<li>12:55 CET: 10 km intervallstardist klassikalised distantsid, naised<\/li>\n<\/ul>\n<p class=\"gt-block\">Loe edasi:\u00a0<a href=\"https:\/\/www.proxcskiing.com\/et\/traditsiooniline-suusatamine\/Murdmaasuusatamise-maailmameistriv%C3%B5istluste-kalender-2025.-ja-2026.-aasta-talvehooajaks\/\" target=\"_blank\" rel=\"noreferrer noopener nofollow\">Murdmaasuusatamise maailmameistriv\u00f5istlused: 2025\/2026 talvehooaja kalender<\/a>\u00a0<\/p>\n<p class=\"gt-block\">Kas olete huvitatud traditsioonilisest murdmaasuusatamisest? Kl\u00f5psake siin\u00a0<a href=\"https:\/\/www.proxcskiing.com\/et\/kategooria\/traditsiooniline-suusatamine\/\" target=\"_blank\" rel=\"noreferrer noopener nofollow\">SIIN<\/a>\u00a0ja loe selle kohta l\u00e4hemalt.<\/p>\n<p>ProXCskiing.com liikmena saate t\u00e4ieliku juurdep\u00e4\u00e4su kogu saidi sisule. Samuti otse\u00fclekanded Ski Classics \u00fcritused on saadaval ingliskeelsete kommentaaridega.<\/p>\n<p>Kui sinust saab osa \u00fchest maailma juhtivast murdmaasuusatamise kogukonnast, saad aastaringselt palju eksklusiivseid pakkumisi.<\/p>\n<p>BANNER<\/p>\n<p class=\"gt-block\"><a href=\"https:\/\/proxcskiing.com\/profile\/\" target=\"_blank\" rel=\"noreferrer noopener nofollow\">REGISTREERU SIIN LIIKMEKS<\/a> !<\/p>\n","protected":false},"excerpt":{"rendered":"Martin L\u00f8wstr\u00f8m Nyenget (NOR) saavutas Saksamaal Oberhofis toimunud maailmakarikav\u00f5istlustel meeste 10 km intervallstardiga klassikalises tehnikas esikoha \u2013 meeste&hellip;\n","protected":false},"author":2,"featured_media":88143,"comment_status":"","ping_status":"","sticky":false,"template":"","format":"standard","meta":{"footnotes":"","_share_on_mastodon":"0"},"categories":[5],"tags":[26,27,37,33,35,34,36,31,32,21,28,29,19,43482,35428,25,38295,35584,23,24,22,20,30,35585],"class_list":["post-88142","post","type-post","status-publish","format-standard","has-post-thumbnail","category-uldised-uudised","tag-breaking-news","tag-breakingnews","tag-ee","tag-eesti","tag-eesti-keel","tag-estonia","tag-estonian","tag-featured-news","tag-featurednews","tag-headlines","tag-latest-news","tag-latestnews","tag-news","tag-nyenget","tag-oberhof","tag-populaarseimad-lood","tag-proxcskiing-com","tag-proxcskimine","tag-top-stories","tag-topstories","tag-uldised-uudised","tag-uudised","tag-viimased-uudised","tag-world-cup"],"share_on_mastodon":{"url":"https:\/\/pubeurope.com\/@ee\/115917930010361673","error":""},"_links":{"self":[{"href":"https:\/\/www.europesays.com\/ee\/wp-json\/wp\/v2\/posts\/88142","targetHints":{"allow":["GET"]}}],"collection":[{"href":"https:\/\/www.europesays.com\/ee\/wp-json\/wp\/v2\/posts"}],"about":[{"href":"https:\/\/www.europesays.com\/ee\/wp-json\/wp\/v2\/types\/post"}],"author":[{"embeddable":true,"href":"https:\/\/www.europesays.com\/ee\/wp-json\/wp\/v2\/users\/2"}],"replies":[{"embeddable":true,"href":"https:\/\/www.europesays.com\/ee\/wp-json\/wp\/v2\/comments?post=88142"}],"version-history":[{"count":0,"href":"https:\/\/www.europesays.com\/ee\/wp-json\/wp\/v2\/posts\/88142\/revisions"}],"wp:featuredmedia":[{"embeddable":true,"href":"https:\/\/www.europesays.com\/ee\/wp-json\/wp\/v2\/media\/88143"}],"wp:attachment":[{"href":"https:\/\/www.europesays.com\/ee\/wp-json\/wp\/v2\/media?parent=88142"}],"wp:term":[{"taxonomy":"category","embeddable":true,"href":"https:\/\/www.europesays.com\/ee\/wp-json\/wp\/v2\/categories?post=88142"},{"taxonomy":"post_tag","embeddable":true,"href":"https:\/\/www.europesays.com\/ee\/wp-json\/wp\/v2\/tags?post=88142"}],"curies":[{"name":"wp","href":"https:\/\/api.w.org\/{rel}","templated":true}]}}