{"id":88149,"date":"2026-01-18T20:22:11","date_gmt":"2026-01-18T20:22:11","guid":{"rendered":"https:\/\/www.europesays.com\/ee\/88149\/"},"modified":"2026-01-18T20:22:11","modified_gmt":"2026-01-18T20:22:11","slug":"legendaarne-ooklubi-cafe-amigo-lopetab-veebruaris-oma-tegevuse-eesti","status":"publish","type":"post","link":"https:\/\/www.europesays.com\/ee\/88149\/","title":{"rendered":"Legendaarne \u00f6\u00f6klubi Cafe Amigo l\u00f5petab veebruaris oma tegevuse | Eesti"},"content":{"rendered":"<p>Tallinna legendaarne \u00f6\u00f6klubi Cafe Amigo sulgeb veebruaris l\u00f5plikult uksed. Pealinna \u00fcks pikaealisem meelelahutusasutus tegutses j\u00e4rjepanu 32 aastat ning praeguse juhi s\u00f5nul ei suudetud uut generatsiooni peale kasvatada.<\/p>\n<p>1995. aastal oli Cafe Amigo sedav\u00f5rd m\u00e4rgiline, et seal v\u00e4ndati ETV meelelahutussarja &#8220;Cafe Amigo&#8221;, kus igas osas tutvustati, mis klubis \u00f5igupoolest toimub ja toimus palju: moeetendused, vestlused muusikutega ja muidugi suurte staaride \u00fclesastumised.<\/p>\n<p>Enam kui 30 aastat hiljem kurdab klubi publiku v\u00e4hesuse \u00fcle ja pikalt vaagitud otsus uksed sulgeda, tuli n\u00fc\u00fcd langetada.<\/p>\n<p>&#8220;Numbrid ei l\u00e4inud enam kokku ja enam ei j\u00f5ua. Ei taha peale maksta. See ei tasu \u00e4ra. K\u00fclalisi ei k\u00e4i nii palju. Mingil hetkel, kui nulli l\u00e4hed ja n\u00e4ed, et see tendents ikkagi langeb ja langeb, siis ei ole m\u00f5tet,&#8221; lausus Cafe Amigo juht Tarmo \u00d5mblus.<\/p>\n<p>Et j\u00e4rjekordne \u00fcks Eesti vanimaid \u00f6\u00f6klubisid uksed sulgeb, ei r\u00e4\u00e4gi aga otseselt sellest, et inimesed ei taha enam kokku saada ja tantsida, vaid v\u00f5imalusi on lihtsalt niiv\u00f5rd palju rohkem.<\/p>\n<p>&#8220;Noortel on oma kohad ja neil on t\u00e4itsa teine maailm. Nad korraldavad ise pidusid, tehakse s\u00f5prade juures ja ollakse ise DJ-d. Samas nii-\u00f6elda t\u00e4iskasvanud inimestel on v\u00e4ga palju erinevaid pop-up \u00fcritusi Tallinnas. N\u00e4iteks Kultuurikatlas v\u00f5i Noblessneris. Kui lauluv\u00e4ljakule tuleb esinema n\u00e4iteks David Guetta v\u00f5i Armin Van Buren, siis sinna tuleb ju k\u00fcmneid tuhandeid inimesi kokku. Ma ei saaks k\u00fcll \u00f6elda seda, et see n\u00e4lg selle muusika, tantsumuusika v\u00f5i pidude vastu oleks kuhugi kadunud. Lihtsalt mingid asjad ajas muutuvad,&#8221; s\u00f5nas pikaaegne DJ ja raadiosaatejuht Kristjan Hirmo.<\/p>\n<p>Amigo sulgemine tundub drastiline, sest Eesti klubikultuur ongi juba praktiliselt olematu.<\/p>\n<p>&#8220;\u00dcle\u00fcldiselt selline v\u00e4ga vana klubikultuur, n\u00e4iteks Helsingis \u2013 seal on mingid legendaarsed klubid, mis on t\u00f6\u00f6tanud 50-60 aastat \u2013 v\u00f5i Stockholmis, et meil ei ole sellist. Meie see kultuur on \u00f5huke. 1990. aastatel kui see vabanemine toimus, tuli k\u00f5ik meile sellise suure \u00f5hinaga. V\u00f5eti k\u00f5ik vastu, mida pakuti ehk v\u00f5ib-olla natukene siin on ka sellist nostalgiamomenti. Ma arvan, et ei ole p\u00e4ris \u00f5ige j\u00e4\u00e4da taga nutma, et seee aeg ei tule enam mitte kunagi tagasi,&#8221; lausus Hirmo.<\/p>\n<p>Kui &#8220;Aktuaalne kaamera&#8221; klubi k\u00fclastas, oli Amigo tantsuplats rahvast t\u00e4is ning k\u00fclastajate s\u00f5nul tuldi hea muusika ja koha p\u00e4rast.<\/p>\n<p>&#8220;Koht, mis pannakse kohe kinni, aga ei tasuks panna \u2013 vaata kui huvitav koht tegelikult! Ma olen esimest korda, aga b\u00e4nd esineb, Shanon esineb, et mis siin viga on? K\u00f5ik viisakas seltskond,&#8221; lausus piduline Martin.<\/p>\n<p>&#8220;Kogu see keskkond ja \u00fchiskond \u2013 tegelikult \u00fcldse k\u00f5ik see on v\u00e4ga \u00e4ge, mis siin toimub. See muusika ja koht ise ka on v\u00e4ga lahe. Loomulikult on kahju, et see kinni pannakse, sest see on ikkagi peaaegu minu kodu,&#8221; \u00fctles Are.<\/p>\n<p>Cafe Amigo tulevik on praegu veel lahtine.<\/p>\n<p>&#8220;Ega me lava ja baare sealt hetkel \u00e4ra ei l\u00f5hu kohe kiiruga. \u00c4kki see on niisugune v\u00e4ike f\u00f6\u00f6niks ja t\u00f5useme ikkagi tuhast,&#8221; s\u00f5nas \u00d5mblus.<\/p>\n<p>\n\t\t\t\t\tAllikas:<br \/>\n\t\t\t\t\t&#8220;Aktuaalne kaamera. N\u00e4dal&#8221;<\/p>\n","protected":false},"excerpt":{"rendered":"Tallinna legendaarne \u00f6\u00f6klubi Cafe Amigo sulgeb veebruaris l\u00f5plikult uksed. Pealinna \u00fcks pikaealisem meelelahutusasutus tegutses j\u00e4rjepanu 32 aastat ning&hellip;\n","protected":false},"author":2,"featured_media":88150,"comment_status":"","ping_status":"","sticky":false,"template":"","format":"standard","meta":{"footnotes":"","_share_on_mastodon":"0"},"categories":[12],"tags":[26,27,41777,37,33,35,34,36,31,32,21,43486,245,28,29,19,43485,25,2130,41779,23,24,22,20,30],"class_list":["post-88149","post","type-post","status-publish","format-standard","has-post-thumbnail","category-eesti","tag-breaking-news","tag-breakingnews","tag-cafe-amigo","tag-ee","tag-eesti","tag-eesti-keel","tag-estonia","tag-estonian","tag-featured-news","tag-featurednews","tag-headlines","tag-klubikultuur","tag-kristjan-hirmo","tag-latest-news","tag-latestnews","tag-news","tag-ooklubid","tag-populaarseimad-lood","tag-tallinn","tag-tarmo-omblus","tag-top-stories","tag-topstories","tag-uldised-uudised","tag-uudised","tag-viimased-uudised"],"share_on_mastodon":{"url":"https:\/\/pubeurope.com\/@ee\/115917969342665785","error":""},"_links":{"self":[{"href":"https:\/\/www.europesays.com\/ee\/wp-json\/wp\/v2\/posts\/88149","targetHints":{"allow":["GET"]}}],"collection":[{"href":"https:\/\/www.europesays.com\/ee\/wp-json\/wp\/v2\/posts"}],"about":[{"href":"https:\/\/www.europesays.com\/ee\/wp-json\/wp\/v2\/types\/post"}],"author":[{"embeddable":true,"href":"https:\/\/www.europesays.com\/ee\/wp-json\/wp\/v2\/users\/2"}],"replies":[{"embeddable":true,"href":"https:\/\/www.europesays.com\/ee\/wp-json\/wp\/v2\/comments?post=88149"}],"version-history":[{"count":0,"href":"https:\/\/www.europesays.com\/ee\/wp-json\/wp\/v2\/posts\/88149\/revisions"}],"wp:featuredmedia":[{"embeddable":true,"href":"https:\/\/www.europesays.com\/ee\/wp-json\/wp\/v2\/media\/88150"}],"wp:attachment":[{"href":"https:\/\/www.europesays.com\/ee\/wp-json\/wp\/v2\/media?parent=88149"}],"wp:term":[{"taxonomy":"category","embeddable":true,"href":"https:\/\/www.europesays.com\/ee\/wp-json\/wp\/v2\/categories?post=88149"},{"taxonomy":"post_tag","embeddable":true,"href":"https:\/\/www.europesays.com\/ee\/wp-json\/wp\/v2\/tags?post=88149"}],"curies":[{"name":"wp","href":"https:\/\/api.w.org\/{rel}","templated":true}]}}