{"id":88202,"date":"2026-01-19T00:02:07","date_gmt":"2026-01-19T00:02:07","guid":{"rendered":"https:\/\/www.europesays.com\/ee\/88202\/"},"modified":"2026-01-19T00:02:07","modified_gmt":"2026-01-19T00:02:07","slug":"hispaania-lounaosas-hukkus-rongionnetuses-vahemalt-kakskummend-inimest-vigastatuid-on-kumneid","status":"publish","type":"post","link":"https:\/\/www.europesays.com\/ee\/88202\/","title":{"rendered":"Hispaania l\u00f5unaosas hukkus rongi\u00f5nnetuses v\u00e4hemalt kaksk\u00fcmmend inimest, vigastatuid on k\u00fcmneid"},"content":{"rendered":"<p>Hispaanias Adamuzi linnas juhtus p\u00fchap\u00e4eva \u00f5htul rongi\u00f5nnetus, kus hukkus v\u00e4hemalt 21 inimest. Vigastatuid on kohaliku meedia andmetel k\u00fcmneid.<\/p>\n<p>Politsei pressiesindaja \u00fctles p\u00fchap\u00e4eval uudisteagentuurile AFP, et Hispaania l\u00f5unaosas asuvas C\u00f3rdoba provintsis hukkus mitmeid, kui rong s\u00f5itis p\u00e4rast kokkup\u00f5rget teise rongiga r\u00f6\u00f6bastelt v\u00e4lja.<\/p>\n","protected":false},"excerpt":{"rendered":"Hispaanias Adamuzi linnas juhtus p\u00fchap\u00e4eva \u00f5htul rongi\u00f5nnetus, kus hukkus v\u00e4hemalt 21 inimest. Vigastatuid on kohaliku meedia andmetel k\u00fcmneid.&hellip;\n","protected":false},"author":2,"featured_media":88178,"comment_status":"","ping_status":"","sticky":false,"template":"","format":"standard","meta":{"footnotes":"","_share_on_mastodon":"0"},"categories":[80],"tags":[26,27,37,33,35,34,36,31,32,21,110,28,29,95,6599,35105,19,25,26552,23,24,22,20,30,92,93,94],"class_list":["post-88202","post","type-post","status-publish","format-standard","has-post-thumbnail","category-maailm","tag-breaking-news","tag-breakingnews","tag-ee","tag-eesti","tag-eesti-keel","tag-estonia","tag-estonian","tag-featured-news","tag-featurednews","tag-headlines","tag-hispaania","tag-latest-news","tag-latestnews","tag-maailm","tag-madrid","tag-malaga","tag-news","tag-populaarseimad-lood","tag-rongionnetus","tag-top-stories","tag-topstories","tag-uldised-uudised","tag-uudised","tag-viimased-uudised","tag-world","tag-world-news","tag-worldnews"],"share_on_mastodon":{"url":"https:\/\/pubeurope.com\/@ee\/115918834431453744","error":""},"_links":{"self":[{"href":"https:\/\/www.europesays.com\/ee\/wp-json\/wp\/v2\/posts\/88202","targetHints":{"allow":["GET"]}}],"collection":[{"href":"https:\/\/www.europesays.com\/ee\/wp-json\/wp\/v2\/posts"}],"about":[{"href":"https:\/\/www.europesays.com\/ee\/wp-json\/wp\/v2\/types\/post"}],"author":[{"embeddable":true,"href":"https:\/\/www.europesays.com\/ee\/wp-json\/wp\/v2\/users\/2"}],"replies":[{"embeddable":true,"href":"https:\/\/www.europesays.com\/ee\/wp-json\/wp\/v2\/comments?post=88202"}],"version-history":[{"count":0,"href":"https:\/\/www.europesays.com\/ee\/wp-json\/wp\/v2\/posts\/88202\/revisions"}],"wp:featuredmedia":[{"embeddable":true,"href":"https:\/\/www.europesays.com\/ee\/wp-json\/wp\/v2\/media\/88178"}],"wp:attachment":[{"href":"https:\/\/www.europesays.com\/ee\/wp-json\/wp\/v2\/media?parent=88202"}],"wp:term":[{"taxonomy":"category","embeddable":true,"href":"https:\/\/www.europesays.com\/ee\/wp-json\/wp\/v2\/categories?post=88202"},{"taxonomy":"post_tag","embeddable":true,"href":"https:\/\/www.europesays.com\/ee\/wp-json\/wp\/v2\/tags?post=88202"}],"curies":[{"name":"wp","href":"https:\/\/api.w.org\/{rel}","templated":true}]}}