{"id":88247,"date":"2026-01-19T05:22:07","date_gmt":"2026-01-19T05:22:07","guid":{"rendered":"https:\/\/www.europesays.com\/ee\/88247\/"},"modified":"2026-01-19T05:22:07","modified_gmt":"2026-01-19T05:22:07","slug":"tartu-eelarve-suurimad-investeeringud-on-siuru-ja-sopruse-sild-eesti","status":"publish","type":"post","link":"https:\/\/www.europesays.com\/ee\/88247\/","title":{"rendered":"Tartu eelarve suurimad investeeringud on Siuru ja S\u00f5pruse sild | Eesti"},"content":{"rendered":"<p>Sel n\u00e4dalal teisele lugemisele tuleva Tartu linna eelarve suurimateks investeeringuteks on ka sel aastal kultuurikeskuse Siuru ja S\u00f5pruse silla ehitus. Opositsioon kritiseeris Tartu suurt laenukoormust, mis on nende hinnangul viimase piiri peal.<\/p>\n<p>Tartu linna k\u00e4esoleva aasta eelarve maht ulatub ligi 330 miljoni euroni, olles m\u00f6\u00f6dunud aasta eelarvest umbes viis protsenti suurem. Linnavalitsus tegi eelarve muutmiseks 44 ettepanekut, volikogu opositsioonierakonnad esitasid kokku 16 ettepanekut.\u00a0<\/p>\n<p>Eelarve teise lugemise eel soovib linnavalitsus eeln\u00f5us korrigeerida mitmeid punkte.<\/p>\n<p>Tartu abilinnapea Martin Bek toob m\u00f5ned n\u00e4ited: &#8220;Tegevustuludesse kavandame 600 000 eurot lisaks, kuna viimases kvartalis oli palgakasv prognoositust suurem, investeeringute tuludes saame arvestada 1,4 miljoni euroga toetuste osas. Mis puudutab kulude poolt siis koalitsioonileppest l\u00e4htuvalt t\u00f5stame sel aastal laste ja t\u00e4iskasvanute hooldajatoetust, 114 000 eurot on selle hinnalipik.&#8221;<\/p>\n<p>Raha on soov juurde anda n\u00e4iteks ka Emaj\u00f5e kaldapromenaadi rajamisele, mis v\u00f5etakse algsega v\u00f5rreldes suuremalt ette. Eelarvest on v\u00e4lja v\u00f5etud aga n\u00e4iteks Laia ja Turu t\u00e4nava rekonstrueerimise kulu \u2013 m\u00f5lemale t\u00e4navale pidid tulema ka rattateed. K\u00fcll aga j\u00e4tkuvad t\u00f6\u00f6d Paju t\u00e4nava v\u00e4ljaehitamisega, mis on osa rattateede p\u00f5hiv\u00f5rgust. 900 000 euro ulatuses saab raha juurde S\u00f5pruse silla rekonstrueerimine.<\/p>\n<p>S\u00f5pruse sild on ka sel aastal linna \u00fcks suuremaid investeeringuobjekte, lisab Bek: &#8220;Suuremad investeeringuobjektid 2026. aastal on seotud Siuru ehitusega \u2013kuni 10 miljonit eurot, S\u00f5pruse silla renoveerimine \u2013 ligi kuus miljonit eurot, kuid ka haridustaristu uuendamine \u2013 H\u00e4rma g\u00fcmnaasium on minemas osalisse rekonstrueerimisse ja sinna on kavandatud 4,1 miljonit eurot.&#8221;<\/p>\n<p>Koalitsioonik\u00f5nelustel lubatud Veeriku kooli renoveerimise plaaniga ollakse nii kaugel, et sel kevadel on soov v\u00e4lja kuulutada projekteerimishange. Kokku on investeeringuteks eelarves ette n\u00e4htud 51,8 miljonit eurot. Eelarvedefitsiit on k\u00e4esoleval aastal 13,25 miljonit eurot.<\/p>\n<p>Opositsioonierakonnad tegid eelarvesse 16 muudatusettepanekut, millest arvesse v\u00f5eti osaliselt m\u00f5ned \u00fcksikud, s\u00f5nab Tartu linnavolikogu rahanduskomisjoni liige, keskerakondlane Artjom Suvorov. Tema hinnangul on linnaeelarve paras kaos.<\/p>\n<p>&#8220;Me oleme elanud viimastel aastatel v\u00e4ga palju t\u00e4nu laenurahadele. Kui kunagi mina t\u00f6\u00f6tasin linnavalitsuses siis meie laenukoormus oli 30 miljonit eurot, praegu on pea 200 miljonit eurot, see on ikkagi v\u00e4ga-v\u00e4ga suur vahe. Pluss n\u00e4iteks sel aastal me v\u00f5tame 30 miljonit laenu, neist 20 l\u00e4heb laenu teenindamisele. Ma ei usu, et see on okei olukord, oleme ennast l\u00f5hki laenanud,&#8221; r\u00e4\u00e4kis Suvorov.<\/p>\n<p>Ka rahanduskomisjoni aseesimees, Eesti 200 kuuluva Daniel K\u00f5iv t\u00f5des, et Tartu eelarve on j\u00e4tkuvalt pankroti \u00e4\u00e4rel ning linnavalitsuse esitatud ettepanekud eelarve muutmiseks Tartut edasi ei vii.<\/p>\n<p>&#8220;Meie laenukoormus on maksimumis, meil ei ole v\u00f5imalik tegelikult investeerida linnana, sest linnaelanike arv kahaneb. Populism, kus enne valimisi lubatakse v\u00e4ga palju muutusi kulmineerub sellega, et p\u00e4rast valimisi tegelikult muutust ei tulnud,&#8221; \u00fctles K\u00f5iv.<\/p>\n<p>Beki s\u00f5nul opereeritakse eelarvega ikkagi selles mahus, mis on v\u00f5imalik.<\/p>\n<p>&#8220;Loomulikult avaldab meile m\u00f5ju tulumaksureform, mis v\u00e4hendab meie t\u00f6\u00f6ealiste pealt laekuvat tulumaksuosa ja kui me vaatame, millised v\u00f5imalused \u00fcldse omavalitsusel linna arendamiseks on, siis ilma laenuta see ei olegi m\u00f5eldav, nii et see kriitika ei p\u00e4de,&#8221; leidis Bek.<\/p>\n<p>Tartu linna k\u00e4esoleva aasta eelarve on volikogus teisel lugemisel neljap\u00e4eval.<\/p>\n","protected":false},"excerpt":{"rendered":"Sel n\u00e4dalal teisele lugemisele tuleva Tartu linna eelarve suurimateks investeeringuteks on ka sel aastal kultuurikeskuse Siuru ja S\u00f5pruse&hellip;\n","protected":false},"author":2,"featured_media":88248,"comment_status":"","ping_status":"","sticky":false,"template":"","format":"standard","meta":{"footnotes":"","_share_on_mastodon":"0"},"categories":[12],"tags":[43502,26,27,12525,37,33,35,34,36,31,32,21,28,29,41925,19,25,10413,43504,43503,23,24,22,20,30],"class_list":["post-88247","post","type-post","status-publish","format-standard","has-post-thumbnail","category-eesti","tag-artjom-suvorov","tag-breaking-news","tag-breakingnews","tag-daniel-koiv","tag-ee","tag-eesti","tag-eesti-keel","tag-estonia","tag-estonian","tag-featured-news","tag-featurednews","tag-headlines","tag-latest-news","tag-latestnews","tag-martin-bek","tag-news","tag-populaarseimad-lood","tag-siuru","tag-sopruse-sild-tartus","tag-tartu-eelarve","tag-top-stories","tag-topstories","tag-uldised-uudised","tag-uudised","tag-viimased-uudised"],"share_on_mastodon":{"url":"https:\/\/pubeurope.com\/@ee\/115920092782884148","error":""},"_links":{"self":[{"href":"https:\/\/www.europesays.com\/ee\/wp-json\/wp\/v2\/posts\/88247","targetHints":{"allow":["GET"]}}],"collection":[{"href":"https:\/\/www.europesays.com\/ee\/wp-json\/wp\/v2\/posts"}],"about":[{"href":"https:\/\/www.europesays.com\/ee\/wp-json\/wp\/v2\/types\/post"}],"author":[{"embeddable":true,"href":"https:\/\/www.europesays.com\/ee\/wp-json\/wp\/v2\/users\/2"}],"replies":[{"embeddable":true,"href":"https:\/\/www.europesays.com\/ee\/wp-json\/wp\/v2\/comments?post=88247"}],"version-history":[{"count":0,"href":"https:\/\/www.europesays.com\/ee\/wp-json\/wp\/v2\/posts\/88247\/revisions"}],"wp:featuredmedia":[{"embeddable":true,"href":"https:\/\/www.europesays.com\/ee\/wp-json\/wp\/v2\/media\/88248"}],"wp:attachment":[{"href":"https:\/\/www.europesays.com\/ee\/wp-json\/wp\/v2\/media?parent=88247"}],"wp:term":[{"taxonomy":"category","embeddable":true,"href":"https:\/\/www.europesays.com\/ee\/wp-json\/wp\/v2\/categories?post=88247"},{"taxonomy":"post_tag","embeddable":true,"href":"https:\/\/www.europesays.com\/ee\/wp-json\/wp\/v2\/tags?post=88247"}],"curies":[{"name":"wp","href":"https:\/\/api.w.org\/{rel}","templated":true}]}}