{"id":88561,"date":"2026-01-19T12:43:12","date_gmt":"2026-01-19T12:43:12","guid":{"rendered":"https:\/\/www.europesays.com\/ee\/88561\/"},"modified":"2026-01-19T12:43:12","modified_gmt":"2026-01-19T12:43:12","slug":"hiina-sundimus-langes-eelmisel-aastal-rekordiliselt-madalale-tasemele-valismaa","status":"publish","type":"post","link":"https:\/\/www.europesays.com\/ee\/88561\/","title":{"rendered":"Hiina s\u00fcndimus langes eelmisel aastal rekordiliselt madalale tasemele | V\u00e4lismaa"},"content":{"rendered":"<p>Hiina s\u00fcndimus langes eelmisel aastal rekordiliselt madalale tasemele, selgub esmasp\u00e4eval avaldatud ametlikest andmetest.<\/p>\n<p>Riigi rahvaarv kahanes juba neljandat aastat j\u00e4rjest, seda vaatamata v\u00f5imude p\u00fc\u00fcdlustele langust pidurdada.<\/p>\n<p>Eelmisel aastal registreeriti vaid 7,92 miljonit s\u00fcndi ehk 5,63 s\u00fcndi 1000 inimese kohta, teatasid Hiina ametnikud.<\/p>\n<p>See on madalaim s\u00fcndimuskordaja alates riikliku statistikab\u00fcroo (NBS) arvestuse pidamise algusest 1949. aastal, mil kommunistlik liider Mao Zedong kuulutas v\u00e4lja Hiina Rahvavabariigi.<\/p>\n<p>Hiina s\u00fcndimus oli viimase k\u00fcmnendi jooksul pidevalt langenud, vaatamata piirava &#8220;\u00fche lapse poliitika&#8221; l\u00f5petamisele.<\/p>\n<p>Ka abielude s\u00f5lmimise tase on rekordiliselt madal, kuna paljud noored paarid l\u00fckkavad laste saamist edasi suurte kulude ja karj\u00e4\u00e4rikaalutluste t\u00f5ttu.<\/p>\n<p>Pekingi andmetel registreeriti Hiinas 2025. aastal 11,31 miljonit surma ehk 8,04 surma 1000 inimese kohta.<\/p>\n","protected":false},"excerpt":{"rendered":"Hiina s\u00fcndimus langes eelmisel aastal rekordiliselt madalale tasemele, selgub esmasp\u00e4eval avaldatud ametlikest andmetest. Riigi rahvaarv kahanes juba neljandat&hellip;\n","protected":false},"author":2,"featured_media":88562,"comment_status":"","ping_status":"","sticky":false,"template":"","format":"standard","meta":{"footnotes":"","_share_on_mastodon":"0"},"categories":[80],"tags":[26,27,37,33,35,34,36,31,32,21,326,28,29,95,19,7227,25,36140,3830,23,24,22,20,30,92,93,94],"class_list":["post-88561","post","type-post","status-publish","format-standard","has-post-thumbnail","category-maailm","tag-breaking-news","tag-breakingnews","tag-ee","tag-eesti","tag-eesti-keel","tag-estonia","tag-estonian","tag-featured-news","tag-featurednews","tag-headlines","tag-hiina","tag-latest-news","tag-latestnews","tag-maailm","tag-news","tag-peking","tag-populaarseimad-lood","tag-rahvaarv","tag-sundimus","tag-top-stories","tag-topstories","tag-uldised-uudised","tag-uudised","tag-viimased-uudised","tag-world","tag-world-news","tag-worldnews"],"share_on_mastodon":{"url":"https:\/\/pubeurope.com\/@ee\/115921826833689404","error":""},"_links":{"self":[{"href":"https:\/\/www.europesays.com\/ee\/wp-json\/wp\/v2\/posts\/88561","targetHints":{"allow":["GET"]}}],"collection":[{"href":"https:\/\/www.europesays.com\/ee\/wp-json\/wp\/v2\/posts"}],"about":[{"href":"https:\/\/www.europesays.com\/ee\/wp-json\/wp\/v2\/types\/post"}],"author":[{"embeddable":true,"href":"https:\/\/www.europesays.com\/ee\/wp-json\/wp\/v2\/users\/2"}],"replies":[{"embeddable":true,"href":"https:\/\/www.europesays.com\/ee\/wp-json\/wp\/v2\/comments?post=88561"}],"version-history":[{"count":0,"href":"https:\/\/www.europesays.com\/ee\/wp-json\/wp\/v2\/posts\/88561\/revisions"}],"wp:featuredmedia":[{"embeddable":true,"href":"https:\/\/www.europesays.com\/ee\/wp-json\/wp\/v2\/media\/88562"}],"wp:attachment":[{"href":"https:\/\/www.europesays.com\/ee\/wp-json\/wp\/v2\/media?parent=88561"}],"wp:term":[{"taxonomy":"category","embeddable":true,"href":"https:\/\/www.europesays.com\/ee\/wp-json\/wp\/v2\/categories?post=88561"},{"taxonomy":"post_tag","embeddable":true,"href":"https:\/\/www.europesays.com\/ee\/wp-json\/wp\/v2\/tags?post=88561"}],"curies":[{"name":"wp","href":"https:\/\/api.w.org\/{rel}","templated":true}]}}