{"id":88720,"date":"2026-01-19T15:28:07","date_gmt":"2026-01-19T15:28:07","guid":{"rendered":"https:\/\/www.europesays.com\/ee\/88720\/"},"modified":"2026-01-19T15:28:07","modified_gmt":"2026-01-19T15:28:07","slug":"noorte-huviharidust-alarahastav-amet-pidas-toretseva-tanuurituse","status":"publish","type":"post","link":"https:\/\/www.europesays.com\/ee\/88720\/","title":{"rendered":"Noorte huviharidust alarahastav amet pidas toretseva t\u00e4nu\u00fcrituse"},"content":{"rendered":"<p>Kuigi hariduslike erivajadustega laste \u00f5petamine ja noorsoot\u00f6\u00f6 on alarahastatud ning riigi toetus huviharidusele on viimase viie aastaga v\u00e4henenud \u00fcle kolmandiku, leidis neid valdkondi koondav haridus- ja noorteamet (harno) jaanuari keskpaigas v\u00f5imaluse korraldada Tallinna kesklinna restoranis t\u00e4nu\u00fcrituse.<\/p>\n<p class=\"MsoNormal\">\u00abEesm\u00e4rk on t\u00e4nada kolleege, kes on eelmisel aastal andnud olulise panuse harno t\u00f6\u00f6protsessidesse ja arengusse,\u00bb selgitas harno kommunikatsioonipartner Tiina N\u00f5mm.<\/p>\n","protected":false},"excerpt":{"rendered":"Kuigi hariduslike erivajadustega laste \u00f5petamine ja noorsoot\u00f6\u00f6 on alarahastatud ning riigi toetus huviharidusele on viimase viie aastaga v\u00e4henenud&hellip;\n","protected":false},"author":2,"featured_media":88721,"comment_status":"","ping_status":"","sticky":false,"template":"","format":"standard","meta":{"footnotes":"","_share_on_mastodon":"0"},"categories":[80],"tags":[26,27,37,33,35,14469,34,36,31,32,3932,6061,21,28,29,95,43690,43689,15965,19,25,43691,2130,43692,23,24,22,20,30,92,93,94],"class_list":["post-88720","post","type-post","status-publish","format-standard","has-post-thumbnail","category-maailm","tag-breaking-news","tag-breakingnews","tag-ee","tag-eesti","tag-eesti-keel","tag-erasmus","tag-estonia","tag-estonian","tag-featured-news","tag-featurednews","tag-haridus-ja-teadusministeerium","tag-harno","tag-headlines","tag-latest-news","tag-latestnews","tag-maailm","tag-mari-annus","tag-merineitsi-restoran","tag-neet-noored","tag-news","tag-populaarseimad-lood","tag-study-in-estonia","tag-tallinn","tag-tiina-nomm","tag-top-stories","tag-topstories","tag-uldised-uudised","tag-uudised","tag-viimased-uudised","tag-world","tag-world-news","tag-worldnews"],"share_on_mastodon":{"url":"https:\/\/pubeurope.com\/@ee\/115922475639359236","error":""},"_links":{"self":[{"href":"https:\/\/www.europesays.com\/ee\/wp-json\/wp\/v2\/posts\/88720","targetHints":{"allow":["GET"]}}],"collection":[{"href":"https:\/\/www.europesays.com\/ee\/wp-json\/wp\/v2\/posts"}],"about":[{"href":"https:\/\/www.europesays.com\/ee\/wp-json\/wp\/v2\/types\/post"}],"author":[{"embeddable":true,"href":"https:\/\/www.europesays.com\/ee\/wp-json\/wp\/v2\/users\/2"}],"replies":[{"embeddable":true,"href":"https:\/\/www.europesays.com\/ee\/wp-json\/wp\/v2\/comments?post=88720"}],"version-history":[{"count":0,"href":"https:\/\/www.europesays.com\/ee\/wp-json\/wp\/v2\/posts\/88720\/revisions"}],"wp:featuredmedia":[{"embeddable":true,"href":"https:\/\/www.europesays.com\/ee\/wp-json\/wp\/v2\/media\/88721"}],"wp:attachment":[{"href":"https:\/\/www.europesays.com\/ee\/wp-json\/wp\/v2\/media?parent=88720"}],"wp:term":[{"taxonomy":"category","embeddable":true,"href":"https:\/\/www.europesays.com\/ee\/wp-json\/wp\/v2\/categories?post=88720"},{"taxonomy":"post_tag","embeddable":true,"href":"https:\/\/www.europesays.com\/ee\/wp-json\/wp\/v2\/tags?post=88720"}],"curies":[{"name":"wp","href":"https:\/\/api.w.org\/{rel}","templated":true}]}}