{"id":88932,"date":"2026-01-19T20:06:21","date_gmt":"2026-01-19T20:06:21","guid":{"rendered":"https:\/\/www.europesays.com\/ee\/88932\/"},"modified":"2026-01-19T20:06:21","modified_gmt":"2026-01-19T20:06:21","slug":"sydney-randades-on-haid-paari-paevaga-runnanud-juba-kolme-inimest","status":"publish","type":"post","link":"https:\/\/www.europesays.com\/ee\/88932\/","title":{"rendered":"Sydney randades on haid paari p\u00e4evaga r\u00fcnnanud juba kolme inimest"},"content":{"rendered":"<p class=\"MsoNormal\">Austraalias Sydneys kohaliku aja j\u00e4rgi esmasp\u00e4eva \u00f5htul hair\u00fcnnakus kriitiliselt vigastada saanud noor mees on juba kolmas inimene, kes on pisut enam kui \u00f6\u00f6p\u00e4eva kestel linna randades haide r\u00fcnnaku ohvriks sattunud.<\/p>\n<p class=\"MsoNormal\">P\u00e4\u00e4steteenistus sai v\u00e4ljakutse Sydneyst p\u00f5hjapoole j\u00e4\u00e4vale Manley rannale p\u00e4rast kella 18 esmasp\u00e4eval (Eesti aja j\u00e4rgi kella 9 paiku), kui hai r\u00fcndas surfarit, vahendas avalik-\u00f5iguslik ringh\u00e4\u00e4ling ABC.<\/p>\n","protected":false},"excerpt":{"rendered":"Austraalias Sydneys kohaliku aja j\u00e4rgi esmasp\u00e4eva \u00f5htul hair\u00fcnnakus kriitiliselt vigastada saanud noor mees on juba kolmas inimene, kes&hellip;\n","protected":false},"author":2,"featured_media":88933,"comment_status":"","ping_status":"","sticky":false,"template":"","format":"standard","meta":{"footnotes":"","_share_on_mastodon":"0"},"categories":[80],"tags":[1553,26,27,37,33,35,34,36,31,32,43761,21,28,29,95,19,25,43763,4250,43762,23,24,22,20,32572,30,92,93,94],"class_list":["post-88932","post","type-post","status-publish","format-standard","has-post-thumbnail","category-maailm","tag-austraalia","tag-breaking-news","tag-breakingnews","tag-ee","tag-eesti","tag-eesti-keel","tag-estonia","tag-estonian","tag-featured-news","tag-featurednews","tag-hairunnak","tag-headlines","tag-latest-news","tag-latestnews","tag-maailm","tag-news","tag-populaarseimad-lood","tag-surfar","tag-sydney","tag-tompnina-hallhai","tag-top-stories","tag-topstories","tag-uldised-uudised","tag-uudised","tag-uus-louna-wales","tag-viimased-uudised","tag-world","tag-world-news","tag-worldnews"],"share_on_mastodon":{"url":"https:\/\/pubeurope.com\/@ee\/115923568782088335","error":""},"_links":{"self":[{"href":"https:\/\/www.europesays.com\/ee\/wp-json\/wp\/v2\/posts\/88932","targetHints":{"allow":["GET"]}}],"collection":[{"href":"https:\/\/www.europesays.com\/ee\/wp-json\/wp\/v2\/posts"}],"about":[{"href":"https:\/\/www.europesays.com\/ee\/wp-json\/wp\/v2\/types\/post"}],"author":[{"embeddable":true,"href":"https:\/\/www.europesays.com\/ee\/wp-json\/wp\/v2\/users\/2"}],"replies":[{"embeddable":true,"href":"https:\/\/www.europesays.com\/ee\/wp-json\/wp\/v2\/comments?post=88932"}],"version-history":[{"count":0,"href":"https:\/\/www.europesays.com\/ee\/wp-json\/wp\/v2\/posts\/88932\/revisions"}],"wp:featuredmedia":[{"embeddable":true,"href":"https:\/\/www.europesays.com\/ee\/wp-json\/wp\/v2\/media\/88933"}],"wp:attachment":[{"href":"https:\/\/www.europesays.com\/ee\/wp-json\/wp\/v2\/media?parent=88932"}],"wp:term":[{"taxonomy":"category","embeddable":true,"href":"https:\/\/www.europesays.com\/ee\/wp-json\/wp\/v2\/categories?post=88932"},{"taxonomy":"post_tag","embeddable":true,"href":"https:\/\/www.europesays.com\/ee\/wp-json\/wp\/v2\/tags?post=88932"}],"curies":[{"name":"wp","href":"https:\/\/api.w.org\/{rel}","templated":true}]}}