{"id":89133,"date":"2026-01-20T06:46:07","date_gmt":"2026-01-20T06:46:07","guid":{"rendered":"https:\/\/www.europesays.com\/ee\/89133\/"},"modified":"2026-01-20T06:46:07","modified_gmt":"2026-01-20T06:46:07","slug":"hinnatous-on-hobeda-kokkuostu-eestis-viiekordistanud-majandus","status":"publish","type":"post","link":"https:\/\/www.europesays.com\/ee\/89133\/","title":{"rendered":"Hinnat\u00f5us on h\u00f5beda kokkuostu Eestis viiekordistanud | Majandus"},"content":{"rendered":"<p>Kulla ja h\u00f5beda hinnad maailmaturul on j\u00f5udnud rekordtasemeteni ning ka Eestis on v\u00e4\u00e4rismetallidega kauplejatel nende endi s\u00f5nul k\u00e4ed-jalad t\u00f6\u00f6d t\u00e4is. Turul valitsev puuduj\u00e4\u00e4k annab tunda just h\u00f5beda puhul, mille m\u00fc\u00fck on h\u00fcppeliselt kasvanud.<\/p>\n<p>Selle aasta alguses \u00fcletas maailmaturul kulla hind untsi kohta esmakordselt 4000 dollari piiri. Samamoodi teeb n\u00fc\u00fcd ka h\u00f5beda hind rekordilist t\u00f5usu, untsi eest tuleb maksta enam kui 90 dollarit.<\/p>\n<p>Eestis tegutsevad v\u00e4\u00e4rismetallide vahendajad s\u00f5nasid justkui \u00fchest suust, et kulla ja h\u00f5beda k\u00f5rgete turuhindade t\u00f5ttu on ka nende ostu- ja m\u00fc\u00fcgimahud k\u00f5vasti t\u00f5usnud<\/p>\n<p>Eesti \u00fcle 20 esindusega pandimajade keti Luutar O\u00dc omaniku ja juhataja Ljubov-Luule Emmari s\u00f5nul m\u00fc\u00fcakse v\u00e4\u00e4rismetalli oluliselt rohkem kui paar aastat tagasi. Tema s\u00f5nul on kogused v\u00f5rreldes 2025. aasta algusega pea kahekordistunud.<\/p>\n<p>Samas on kulla ja h\u00f5beda\u00a0pretsedenditult k\u00f5rge hind pannud surve ka v\u00e4\u00e4rismetallidega \u00e4ritsejatele.<\/p>\n<p>Emmar t\u00f5i n\u00e4ite, et kui kaks aastat tagasi ostsid nad 100 grammi kaaluva kuldketi 2800 euro eest, siis t\u00e4naseks peavad nad sama asja eest maksma ligi 6600 eurot.\u00a0\u00a0\u00a0<\/p>\n<p>H\u00f5beehete ja -esemete sisseost on viiekordistunud<\/p>\n<p>Valuutavahetuse ja kullam\u00fc\u00fcgiga tegeleva AS-i Tavid majandusanal\u00fc\u00fctiku Mait Krauni s\u00f5nul on kulla ja h\u00f5beda hinnakasv toonud kaasa aktiivse kasvu nii selle ostmisel kui ka m\u00fc\u00fcmisel.<\/p>\n<p>&#8220;Kui uue aasta algust vaadata, siis on j\u00e4rsult suurenenud eelk\u00f5ige h\u00f5bedaturu aktiivsus. H\u00f5beehete, -n\u00f5ude ja muude esemete sisseost on eelmise aasta sama ajaga v\u00f5rreldes viiekordistunud. Kui arvestada sinna juurde h\u00f5beda hinnakasv, on romuh\u00f5beda sisseostu mahud kasvanud eurodes m\u00f5\u00f5detuna 15 korda,&#8221; s\u00f5nas Kraun.<\/p>\n<p>Krauni s\u00f5nul on h\u00f5bedaturg olnud juba viis aastat puuduj\u00e4\u00e4gis. P\u00f5hjuseks on tema s\u00f5nul eelk\u00f5ige h\u00f5beda t\u00f6\u00f6stusliku n\u00f5udluse kasv.<\/p>\n<p>H\u00f5bedat kasutatakse nii p\u00e4ikesepaneelides, elektriautodes kui ka tehisintellekti andmekeskustes.\u00a0<\/p>\n<p>Turu suure optimismi t\u00f5ttu just tehisintellekti suhtes on majandusanal\u00fc\u00fctiku s\u00f5nul tekkimas perfektne torm, mis tekitab turul pudelikaelu.<\/p>\n<p>&#8220;Tarneajad on samuti pikad \u2013 kui praegu h\u00f5bedat tehasest tellime, saame selle alles kuu aja p\u00e4rast k\u00e4tte,&#8221; s\u00f5nas Kraun.<\/p>\n","protected":false},"excerpt":{"rendered":"Kulla ja h\u00f5beda hinnad maailmaturul on j\u00f5udnud rekordtasemeteni ning ka Eestis on v\u00e4\u00e4rismetallidega kauplejatel nende endi s\u00f5nul k\u00e4ed-jalad&hellip;\n","protected":false},"author":2,"featured_media":89134,"comment_status":"","ping_status":"","sticky":false,"template":"","format":"standard","meta":{"footnotes":"","_share_on_mastodon":"0"},"categories":[5],"tags":[26,27,37,33,35,34,36,31,32,21,813,11501,3586,28,29,20250,43809,19,11223,25,43810,43811,23,24,22,20,11500,30],"class_list":["post-89133","post","type-post","status-publish","format-standard","has-post-thumbnail","category-uldised-uudised","tag-breaking-news","tag-breakingnews","tag-ee","tag-eesti","tag-eesti-keel","tag-estonia","tag-estonian","tag-featured-news","tag-featurednews","tag-headlines","tag-hinnad","tag-hobe","tag-kuld","tag-latest-news","tag-latestnews","tag-luutar","tag-metallid","tag-news","tag-pandimajad","tag-populaarseimad-lood","tag-tavid-as","tag-toorianed","tag-top-stories","tag-topstories","tag-uldised-uudised","tag-uudised","tag-vaarismetallid","tag-viimased-uudised"],"share_on_mastodon":{"url":"https:\/\/pubeurope.com\/@ee\/115926085301066381","error":""},"_links":{"self":[{"href":"https:\/\/www.europesays.com\/ee\/wp-json\/wp\/v2\/posts\/89133","targetHints":{"allow":["GET"]}}],"collection":[{"href":"https:\/\/www.europesays.com\/ee\/wp-json\/wp\/v2\/posts"}],"about":[{"href":"https:\/\/www.europesays.com\/ee\/wp-json\/wp\/v2\/types\/post"}],"author":[{"embeddable":true,"href":"https:\/\/www.europesays.com\/ee\/wp-json\/wp\/v2\/users\/2"}],"replies":[{"embeddable":true,"href":"https:\/\/www.europesays.com\/ee\/wp-json\/wp\/v2\/comments?post=89133"}],"version-history":[{"count":0,"href":"https:\/\/www.europesays.com\/ee\/wp-json\/wp\/v2\/posts\/89133\/revisions"}],"wp:featuredmedia":[{"embeddable":true,"href":"https:\/\/www.europesays.com\/ee\/wp-json\/wp\/v2\/media\/89134"}],"wp:attachment":[{"href":"https:\/\/www.europesays.com\/ee\/wp-json\/wp\/v2\/media?parent=89133"}],"wp:term":[{"taxonomy":"category","embeddable":true,"href":"https:\/\/www.europesays.com\/ee\/wp-json\/wp\/v2\/categories?post=89133"},{"taxonomy":"post_tag","embeddable":true,"href":"https:\/\/www.europesays.com\/ee\/wp-json\/wp\/v2\/tags?post=89133"}],"curies":[{"name":"wp","href":"https:\/\/api.w.org\/{rel}","templated":true}]}}