{"id":89217,"date":"2026-01-20T09:16:10","date_gmt":"2026-01-20T09:16:10","guid":{"rendered":"https:\/\/www.europesays.com\/ee\/89217\/"},"modified":"2026-01-20T09:16:10","modified_gmt":"2026-01-20T09:16:10","slug":"tugev-venemaa-suusataja-sai-fis-ilt-neutraalse-sportlase-staatuse","status":"publish","type":"post","link":"https:\/\/www.europesays.com\/ee\/89217\/","title":{"rendered":"Tugev Venemaa suusataja sai FIS-ilt neutraalse sportlase staatuse"},"content":{"rendered":"<p>FIS lisas oma neutraalsete sportlaste nimekirja 24-aastase murdmaasuusataja Nikita Denisovi ning m\u00e4esuusatajad Vitalina Girina ja Tanzila Israilova. Lisaks said neutraalse staatuse treenerid Mihhail Barinov ja Pavel Kolgotin.<\/p>\n<p>K\u00f5ige m\u00e4rkimisv\u00e4\u00e4rsem on murdmaasuusataja Denisovi neutraalsete sportlaste nimekirja lisamine. Ta kuulus Venemaa teatenelikusse, kes v\u00f5itis 2022. aastal Norras Lygnas toimunud juunioride maailmameistriv\u00f5istlustel kuldmedali. Samal MM-il v\u00f5itis Denisov ka individuaalse pronksmedali 30 km \u00fchisstardist vabatehnikas\u00f5idus.<\/p>\n<p>Denisovist sai kolmas Venemaa suusataja, kes on FIS-ilt neutraalse sportlase staatuse p\u00e4lvinud. Lisaks talle on see ka Savelii Korosteljevil ja Darja Neprjajeval.<\/p>\n<p>\u201eKui aus olla, pole ma siiani aru saanud, mis juhtus. M\u00f5tteid on liiga palju, pean seda veel seedima ja treeneriga arutama. Praegu valitseb minus vaid segadus,\u201c \u00fctles Denisov intervjuus Sport24-le. \u201eTeadsin, et vastan k\u00f5igile FIS-i kriteeriumidele. Olen v\u00f5istelnud rahvusvahelistel v\u00f5istlustel, olen tudeng, ma ei teeni relvaj\u00f5ududes ega pole seal kunagi teeninud.\u201c<\/p>\n<p>Venemaa suusataja kirjeldas, kuidas protsess neutraalse staatuse saamiseks k\u00e4is: \u201eT\u00e4itsin avalduse ja saatsin selle FIS-ile. Nad saatsid mulle tagasi k\u00fcsimustiku, mida ma esmalt isegi ei avanud. N\u00e4dal hiljem v\u00f5ttis FIS minuga uuesti \u00fchendust ja tuletas meelde, et mul on k\u00fcsimustik endiselt t\u00e4itmata. Selleks ajaks olin otsustanud, et pean sellega l\u00f5puni minema. Spordis v\u00f5ib ju k\u00f5ike juhtuda. Olnuks rumal sellisest v\u00f5imalusest keelduda.\u201c<\/p>\n<p>Denisov pole varasemalt MK-sarjas v\u00f5istelnud, kuid v\u00f5ib deb\u00fc\u00fcdi teha juba eesoleval n\u00e4dalavahetusel \u0160veitsis Gomsis toimuval etapil.<\/p>\n<p>Kokku on FIS-ilt n\u00fc\u00fcdseks neutraalse staatuse saanud 100 Venemaa ja <a rel=\"noopener nofollow\" target=\"_blank\" href=\"https:\/\/www.delfi.ee\/teema\/28576451\/valgevene\" tag-id=\"28576451\">Valgevene<\/a> isikut, kellest 48 on sportlased ja 52 nende taustaj\u00f5ud.<\/p>\n<p>Kuidas see lugu Sind end tundma pani? Saada <a href=\"https:\/\/sport.delfi.ee\/artikkel\/120430508\/tugev-venemaa-suusataja-sai-fis-ilt-neutraalse-sportlase-staatuse\/kommentaarid\" class=\"article-body-bottom__comment article-body-bottom__comment--write button button--primary button--size-auto\" rel=\"nofollow noopener\" target=\"_blank\"> Kommenteeri <\/a><a href=\"https:\/\/sport.delfi.ee\/artikkel\/120430508\/tugev-venemaa-suusataja-sai-fis-ilt-neutraalse-sportlase-staatuse\/kommentaarid\" class=\"article-body-bottom__comment article-body-bottom__comment--read button button--size-auto\" rel=\"nofollow noopener\" target=\"_blank\"> Loe kommentaare (11)<\/a><\/p>\n","protected":false},"excerpt":{"rendered":"FIS lisas oma neutraalsete sportlaste nimekirja 24-aastase murdmaasuusataja Nikita Denisovi ning m\u00e4esuusatajad Vitalina Girina ja Tanzila Israilova. Lisaks&hellip;\n","protected":false},"author":2,"featured_media":89218,"comment_status":"","ping_status":"","sticky":false,"template":"","format":"standard","meta":{"footnotes":"","_share_on_mastodon":"0"},"categories":[18],"tags":[37,33,35,34,36,3710,159,158,2170,96],"class_list":["post-89217","post","type-post","status-publish","format-standard","has-post-thumbnail","category-sport","tag-ee","tag-eesti","tag-eesti-keel","tag-estonia","tag-estonian","tag-fis","tag-sport","tag-sports","tag-valgevene","tag-venemaa"],"share_on_mastodon":{"url":"https:\/\/pubeurope.com\/@ee\/115926675134052068","error":""},"_links":{"self":[{"href":"https:\/\/www.europesays.com\/ee\/wp-json\/wp\/v2\/posts\/89217","targetHints":{"allow":["GET"]}}],"collection":[{"href":"https:\/\/www.europesays.com\/ee\/wp-json\/wp\/v2\/posts"}],"about":[{"href":"https:\/\/www.europesays.com\/ee\/wp-json\/wp\/v2\/types\/post"}],"author":[{"embeddable":true,"href":"https:\/\/www.europesays.com\/ee\/wp-json\/wp\/v2\/users\/2"}],"replies":[{"embeddable":true,"href":"https:\/\/www.europesays.com\/ee\/wp-json\/wp\/v2\/comments?post=89217"}],"version-history":[{"count":0,"href":"https:\/\/www.europesays.com\/ee\/wp-json\/wp\/v2\/posts\/89217\/revisions"}],"wp:featuredmedia":[{"embeddable":true,"href":"https:\/\/www.europesays.com\/ee\/wp-json\/wp\/v2\/media\/89218"}],"wp:attachment":[{"href":"https:\/\/www.europesays.com\/ee\/wp-json\/wp\/v2\/media?parent=89217"}],"wp:term":[{"taxonomy":"category","embeddable":true,"href":"https:\/\/www.europesays.com\/ee\/wp-json\/wp\/v2\/categories?post=89217"},{"taxonomy":"post_tag","embeddable":true,"href":"https:\/\/www.europesays.com\/ee\/wp-json\/wp\/v2\/tags?post=89217"}],"curies":[{"name":"wp","href":"https:\/\/api.w.org\/{rel}","templated":true}]}}