{"id":89260,"date":"2026-01-20T10:24:11","date_gmt":"2026-01-20T10:24:11","guid":{"rendered":"https:\/\/www.europesays.com\/ee\/89260\/"},"modified":"2026-01-20T10:24:11","modified_gmt":"2026-01-20T10:24:11","slug":"solvunud-trump-ahvardab-prantsusmaad-uuratu-tollimaksuga-veinidele-ja-sampanjale","status":"publish","type":"post","link":"https:\/\/www.europesays.com\/ee\/89260\/","title":{"rendered":"Solvunud Trump \u00e4hvardab Prantsusmaad \u00fc\u00fcratu tollimaksuga veinidele ja \u0161ampanjale"},"content":{"rendered":"<p>Donald Trump \u00e4hvardas esmasp\u00e4eval Prantsusmaad 200-protsendiste tollimaksudega veinile ja \u0161ampanjale, kuna Euroopa riik kavatseb tagasi l\u00fckata USA vabariiklasest presidendi kutse liituda tema niinimetatud \u00abrahun\u00f5ukoguga\u00bb.<\/p>\n<p>N\u00f5ukogu loodi algselt s\u00f5jast r\u00e4situd Gaza sektori \u00fclesehitamise j\u00e4lgimiseks, kuid selle p\u00f5hikiri ei paista piiravat n\u00f5ukogu rolli ainult okupeeritud Palestiina aladega.<\/p>\n","protected":false},"excerpt":{"rendered":"Donald Trump \u00e4hvardas esmasp\u00e4eval Prantsusmaad 200-protsendiste tollimaksudega veinile ja \u0161ampanjale, kuna Euroopa riik kavatseb tagasi l\u00fckata USA vabariiklasest&hellip;\n","protected":false},"author":2,"featured_media":89261,"comment_status":"","ping_status":"","sticky":false,"template":"","format":"standard","meta":{"footnotes":"","_share_on_mastodon":"0"},"categories":[80],"tags":[26,27,37,33,35,34,36,31,32,13528,620,21,28,29,95,24857,19,25,23,24,463,262,22,20,96,30,92,93,94],"class_list":["post-89260","post","type-post","status-publish","format-standard","has-post-thumbnail","category-maailm","tag-breaking-news","tag-breakingnews","tag-ee","tag-eesti","tag-eesti-keel","tag-estonia","tag-estonian","tag-featured-news","tag-featurednews","tag-g7","tag-gaza","tag-headlines","tag-latest-news","tag-latestnews","tag-maailm","tag-macron","tag-news","tag-populaarseimad-lood","tag-top-stories","tag-topstories","tag-trump","tag-ukraina","tag-uldised-uudised","tag-uudised","tag-venemaa","tag-viimased-uudised","tag-world","tag-world-news","tag-worldnews"],"share_on_mastodon":{"url":"https:\/\/pubeurope.com\/@ee\/115926942544400840","error":""},"_links":{"self":[{"href":"https:\/\/www.europesays.com\/ee\/wp-json\/wp\/v2\/posts\/89260","targetHints":{"allow":["GET"]}}],"collection":[{"href":"https:\/\/www.europesays.com\/ee\/wp-json\/wp\/v2\/posts"}],"about":[{"href":"https:\/\/www.europesays.com\/ee\/wp-json\/wp\/v2\/types\/post"}],"author":[{"embeddable":true,"href":"https:\/\/www.europesays.com\/ee\/wp-json\/wp\/v2\/users\/2"}],"replies":[{"embeddable":true,"href":"https:\/\/www.europesays.com\/ee\/wp-json\/wp\/v2\/comments?post=89260"}],"version-history":[{"count":0,"href":"https:\/\/www.europesays.com\/ee\/wp-json\/wp\/v2\/posts\/89260\/revisions"}],"wp:featuredmedia":[{"embeddable":true,"href":"https:\/\/www.europesays.com\/ee\/wp-json\/wp\/v2\/media\/89261"}],"wp:attachment":[{"href":"https:\/\/www.europesays.com\/ee\/wp-json\/wp\/v2\/media?parent=89260"}],"wp:term":[{"taxonomy":"category","embeddable":true,"href":"https:\/\/www.europesays.com\/ee\/wp-json\/wp\/v2\/categories?post=89260"},{"taxonomy":"post_tag","embeddable":true,"href":"https:\/\/www.europesays.com\/ee\/wp-json\/wp\/v2\/tags?post=89260"}],"curies":[{"name":"wp","href":"https:\/\/api.w.org\/{rel}","templated":true}]}}