{"id":89661,"date":"2026-01-20T19:54:07","date_gmt":"2026-01-20T19:54:07","guid":{"rendered":"https:\/\/www.europesays.com\/ee\/89661\/"},"modified":"2026-01-20T19:54:07","modified_gmt":"2026-01-20T19:54:07","slug":"uus-paar-sahistatakse-et-lauljanna-sabrina-carpenter-ja-sarja-stranger-things-naitleja-on-teineteist-leidnud","status":"publish","type":"post","link":"https:\/\/www.europesays.com\/ee\/89661\/","title":{"rendered":"Uus paar? Sahistatakse, et lauljanna Sabrina Carpenter ja sarja \u201eStranger Things\u201c n\u00e4itleja on teineteist leidnud"},"content":{"rendered":"<p>Joey Keery (33) ja Sabrina Carpenteri (26) soe l\u00e4bisaamine on t\u00f5usnud v\u00e4lismeedias taas kuumaks teemaks p\u00e4rast seda, kui m\u00f5lemad v\u00e4isasid New Yorkis saate \u201eSaturday Night Live\u201c j\u00e4relpidu. \u00d5htuses meelelahutussaates tegi oma saatejuhideb\u00fc\u00fcdi Finn Wolfhard, kes n\u00e4itles Keery k\u00f5rval sarjas \u201e<a rel=\"noopener nofollow\" target=\"_blank\" href=\"https:\/\/www.delfi.ee\/teema\/79893054\/stranger-things\" tag-id=\"79893054\">Stranger Things<\/a>\u201c. P\u00e4rast edukat esinemist l\u00e4ksid nii n\u00e4itlejad kui ka Sabrina Carpenter \u00fchiselt meeleolukale j\u00e4relpeole. <\/p>\n<p>Kuigi Keery ja Carpenter saabusid \u00fcritusele eraldi autodes, siis juba mitmes \u00fchine \u00fcritus viimaste kuude jooksul tekitab f\u00e4nnides kahtlusi, et nende vahel on midagi enamat kui vaid s\u00f5prus. Lauljanna torkas j\u00e4relpeol silma k\u00f5rgete kontsade ja maani ulatuva tumeda mantli poolest, mille kraed ja varrukaid kaunistas kohev karv. Samal ajal oli Keery selga t\u00f5mmanud tagasihoidlikumad r\u00f5ivad \u2013 teksap\u00fcksid ning nahkjaki. <\/p>\n<p>N\u00e4htud fotod tekitasid paari f\u00e4nnides ilmselgelt elevust, mida nad ka \u00fchismeedias v\u00e4ljendasid. \u201eNad k\u00e4ivad kohtamas!\u201c spekuleeris \u00fcks Redditi kasutaja. \u201eAusalt \u00f6eldes oleksid nad koos nii armsad,\u201c t\u00f5des teinegi. \u201eOota, kas nad t\u00f5esti k\u00e4ivad kohtamas?\u201c t\u00f5statas kolmas k\u00fcsimuse. Siiski pole kumbki asjaosaline siiani oma suhet kinnitanud. <\/p>\n<p>Sahinad Sabrina Carpenteri ja Joey Keery v\u00f5rdlemisi sooja l\u00e4bisaamise kohta said alguse p\u00e4rast mullu oktoobris toimunud Austin City Limitsi muusikafestivalil. Lisaks Carpenterile esines \u00fcritusel ka Keery artistinime Djo alt. Toona m\u00e4rgati artiste \u00fcksteise s\u00f5ule aktiivselt kaasa elamas, kuigi nad esinesid erinevatel festivali p\u00e4evadel, vahendas v\u00e4ljaanne The Sun.<\/p>\n<p>Sabrina Carpenter oli teadaolevalt viimati aasta aega koos n\u00e4itleja Barry Keoghan\u2019iga. Paar l\u00e4ks lahku 2024. aastal. <\/p>\n<p>Keery tuntuim endine t\u00fcdruks\u00f5ber on n\u00e4itlejanna Maika Monroe, kellega ta oli koos ligi viis aastat. Paar otsustas lahku minna 2022. aastal.<\/p>\n<p>Kuidas see lugu Sind end tundma pani? Saada <a href=\"https:\/\/kroonika.delfi.ee\/artikkel\/120430701\/uus-paar-sahistatakse-et-lauljanna-sabrina-carpenter-ja-sarja-stranger-things-naitleja-on-teineteist-leidnud\/kommentaarid\" class=\"article-body-bottom__comment article-body-bottom__comment--write button button--primary button--size-auto\" rel=\"nofollow noopener\" target=\"_blank\"> Kommenteeri <\/a><a href=\"https:\/\/kroonika.delfi.ee\/artikkel\/120430701\/uus-paar-sahistatakse-et-lauljanna-sabrina-carpenter-ja-sarja-stranger-things-naitleja-on-teineteist-leidnud\/kommentaarid\" class=\"article-body-bottom__comment article-body-bottom__comment--read button button--size-auto\" rel=\"nofollow noopener\" target=\"_blank\"> Loe kommentaare <\/a><\/p>\n","protected":false},"excerpt":{"rendered":"Joey Keery (33) ja Sabrina Carpenteri (26) soe l\u00e4bisaamine on t\u00f5usnud v\u00e4lismeedias taas kuumaks teemaks p\u00e4rast seda, kui&hellip;\n","protected":false},"author":2,"featured_media":89662,"comment_status":"","ping_status":"","sticky":false,"template":"","format":"standard","meta":{"footnotes":"","_share_on_mastodon":"0"},"categories":[16],"tags":[37,33,35,173,34,36,140,989,28858,39273],"class_list":["post-89661","post","type-post","status-publish","format-standard","has-post-thumbnail","category-meelelahutus","tag-ee","tag-eesti","tag-eesti-keel","tag-entertainment","tag-estonia","tag-estonian","tag-meelelahutus","tag-naitleja","tag-sabrina-carpenter","tag-stranger-things"],"share_on_mastodon":{"url":"https:\/\/pubeurope.com\/@ee\/115929183985334265","error":""},"_links":{"self":[{"href":"https:\/\/www.europesays.com\/ee\/wp-json\/wp\/v2\/posts\/89661","targetHints":{"allow":["GET"]}}],"collection":[{"href":"https:\/\/www.europesays.com\/ee\/wp-json\/wp\/v2\/posts"}],"about":[{"href":"https:\/\/www.europesays.com\/ee\/wp-json\/wp\/v2\/types\/post"}],"author":[{"embeddable":true,"href":"https:\/\/www.europesays.com\/ee\/wp-json\/wp\/v2\/users\/2"}],"replies":[{"embeddable":true,"href":"https:\/\/www.europesays.com\/ee\/wp-json\/wp\/v2\/comments?post=89661"}],"version-history":[{"count":0,"href":"https:\/\/www.europesays.com\/ee\/wp-json\/wp\/v2\/posts\/89661\/revisions"}],"wp:featuredmedia":[{"embeddable":true,"href":"https:\/\/www.europesays.com\/ee\/wp-json\/wp\/v2\/media\/89662"}],"wp:attachment":[{"href":"https:\/\/www.europesays.com\/ee\/wp-json\/wp\/v2\/media?parent=89661"}],"wp:term":[{"taxonomy":"category","embeddable":true,"href":"https:\/\/www.europesays.com\/ee\/wp-json\/wp\/v2\/categories?post=89661"},{"taxonomy":"post_tag","embeddable":true,"href":"https:\/\/www.europesays.com\/ee\/wp-json\/wp\/v2\/tags?post=89661"}],"curies":[{"name":"wp","href":"https:\/\/api.w.org\/{rel}","templated":true}]}}