{"id":89777,"date":"2026-01-21T04:13:28","date_gmt":"2026-01-21T04:13:28","guid":{"rendered":"https:\/\/www.europesays.com\/ee\/89777\/"},"modified":"2026-01-21T04:13:28","modified_gmt":"2026-01-21T04:13:28","slug":"ilmaprognoos-kulmataat-ei-halasta-nadala-teises-pooles-langeb-ohutemperatuur-kuni-25-miinuskraadini-maaleht","status":"publish","type":"post","link":"https:\/\/www.europesays.com\/ee\/89777\/","title":{"rendered":"ILMAPROGNOOS | K\u00fclmataat ei halasta: n\u00e4dala teises pooles langeb \u00f5hutemperatuur kuni 25 miinuskraadini &#8211; Maaleht"},"content":{"rendered":"<ol>\n<li><a href=\"https:\/\/news.google.com\/rss\/articles\/CBMi2wFBVV95cUxNWkxNamIyNHh3ZXQ1VGFtLW5fNXVEczE1TXFLTmgzSHpQZUZVdlc3bF9LdTVoTnZyU2hmU081cmxwb19xcFdGRmZnWUdnYXIwQmxsTDkxQnIzMDBrd293WHhTMUN3b3JtMUU2ZGVTT2w5Wjl2eTBtOWZlVmlyQ01EWnVDWVBsZ3hwSHIxMy1YY1ItVXdxS0VEN21OZEk4RmpmOE1nbzJPSVczc0lSY1JpRV82UTFrYzlvdkRJWTlEcXphUktTOS03Qlh6dlNGcEpTYjNILVA4Q1UzZG8?oc=5\" target=\"_blank\" rel=\"nofollow noopener\">ILMAPROGNOOS | K\u00fclmataat ei halasta: n\u00e4dala teises pooles langeb \u00f5hutemperatuur kuni 25 miinuskraadini<\/a>&nbsp;&nbsp;Maaleht<\/li>\n<li><a href=\"https:\/\/news.google.com\/rss\/articles\/CBMia0FVX3lxTE5OZkFXX1hLYjV5TlhNa0xIb0M1VG4zSUFRN0lEamhDclZLWHJ3eFdxWnljUnNCY3RHWUNMcXVHXzRjeTZWaHVYNnlHTEt5a19lM1kwRkx1SkY5a1c3dEMwMTZESkRHS3hyaWJN?oc=5\" target=\"_blank\" rel=\"nofollow noopener\">Ilm p\u00fcsib k\u00fclmem L\u00f5una-Eestis<\/a>&nbsp;&nbsp;ERR<\/li>\n<li><a href=\"https:\/\/news.google.com\/rss\/articles\/CBMiigFBVV95cUxQb2dZRl9tbG5oajAzRWFEamt2QWFhMDBDTkFGMjlkNFItQ04wSTltN2pCOUpOVWIwbEYyY19fejc1NEpYa2c1dnFFQTluU1Q0WW5GLW91N1Q4NWJvdFhTdjJMZFpXRVhlQ1hocTlyb1pQcWd1aHZsZGsxdlpzLVZ5bS10NUhqQ0ZTRFE?oc=5\" target=\"_blank\" rel=\"nofollow noopener\">N\u00c4DALA ILMAPROGNOOS \u27e9 Rohket lumelisa pole oodata<\/a>&nbsp;&nbsp;parnu.postimees.ee<\/li>\n<li><a href=\"https:\/\/news.google.com\/rss\/articles\/CBMikgFBVV95cUxQTjJWV2laMlF1bEs1N3lsRUhuZFpFZ0dFTDJTNmx3RlZ1WWN3d3l5YWhEWUhkbWs0MXp4QUd3bTRReDlib3RLcWxMOXYxbmVrVkFrRk1HVFp3VHZpVVBOcnkwNUFINmlWRXU3LXk5cW9rMEM2LWNPMk9lY0pneFdlU25CQkNycXlZZ0p1ZjVhVmUzQQ?oc=5\" target=\"_blank\" rel=\"nofollow noopener\">KARUP\u00dcKSID JALGA! N\u00e4dala l\u00f5pus on oodata korralikku k\u00fclma<\/a>&nbsp;&nbsp;\u00d5htuleht<\/li>\n<li><a href=\"https:\/\/news.google.com\/rss\/articles\/CBMiakFVX3lxTFBjYko4WllBYlhLX3RwbkxMNlEySVBudDlHMmd1cGJwc0FDMHF3aVV3eEI1c3BOZjNjcG8zSEd0Xy1VYWxtdnYtd1dKbUxvU205SWttSm1zVHNYd3R2c21nZTF4dGYwOU1Sd3c?oc=5\" target=\"_blank\" rel=\"nofollow noopener\">AHTO ILMAJUTUD | Lund tuleb veel juurde<\/a>&nbsp;&nbsp;hiiuleht.ee<\/li>\n<\/ol>\n","protected":false},"excerpt":{"rendered":"ILMAPROGNOOS | K\u00fclmataat ei halasta: n\u00e4dala teises pooles langeb \u00f5hutemperatuur kuni 25 miinuskraadini&nbsp;&nbsp;Maaleht Ilm p\u00fcsib k\u00fclmem L\u00f5una-Eestis&nbsp;&nbsp;ERR N\u00c4DALA&hellip;\n","protected":false},"author":2,"featured_media":89778,"comment_status":"","ping_status":"","sticky":false,"template":"","format":"standard","meta":{"footnotes":"","_share_on_mastodon":"0"},"categories":[12],"tags":[26,27,37,33,35,34,36,31,32,21,668,28,29,19,18148,25,23,24,22,20,30],"class_list":["post-89777","post","type-post","status-publish","format-standard","has-post-thumbnail","category-eesti","tag-breaking-news","tag-breakingnews","tag-ee","tag-eesti","tag-eesti-keel","tag-estonia","tag-estonian","tag-featured-news","tag-featurednews","tag-headlines","tag-ilm","tag-latest-news","tag-latestnews","tag-news","tag-pakane","tag-populaarseimad-lood","tag-top-stories","tag-topstories","tag-uldised-uudised","tag-uudised","tag-viimased-uudised"],"share_on_mastodon":{"url":"https:\/\/pubeurope.com\/@ee\/115931146046502039","error":""},"_links":{"self":[{"href":"https:\/\/www.europesays.com\/ee\/wp-json\/wp\/v2\/posts\/89777","targetHints":{"allow":["GET"]}}],"collection":[{"href":"https:\/\/www.europesays.com\/ee\/wp-json\/wp\/v2\/posts"}],"about":[{"href":"https:\/\/www.europesays.com\/ee\/wp-json\/wp\/v2\/types\/post"}],"author":[{"embeddable":true,"href":"https:\/\/www.europesays.com\/ee\/wp-json\/wp\/v2\/users\/2"}],"replies":[{"embeddable":true,"href":"https:\/\/www.europesays.com\/ee\/wp-json\/wp\/v2\/comments?post=89777"}],"version-history":[{"count":0,"href":"https:\/\/www.europesays.com\/ee\/wp-json\/wp\/v2\/posts\/89777\/revisions"}],"wp:featuredmedia":[{"embeddable":true,"href":"https:\/\/www.europesays.com\/ee\/wp-json\/wp\/v2\/media\/89778"}],"wp:attachment":[{"href":"https:\/\/www.europesays.com\/ee\/wp-json\/wp\/v2\/media?parent=89777"}],"wp:term":[{"taxonomy":"category","embeddable":true,"href":"https:\/\/www.europesays.com\/ee\/wp-json\/wp\/v2\/categories?post=89777"},{"taxonomy":"post_tag","embeddable":true,"href":"https:\/\/www.europesays.com\/ee\/wp-json\/wp\/v2\/tags?post=89777"}],"curies":[{"name":"wp","href":"https:\/\/api.w.org\/{rel}","templated":true}]}}