{"id":90123,"date":"2026-01-21T13:08:06","date_gmt":"2026-01-21T13:08:06","guid":{"rendered":"https:\/\/www.europesays.com\/ee\/90123\/"},"modified":"2026-01-21T13:08:06","modified_gmt":"2026-01-21T13:08:06","slug":"rahatuli-%e2%9f%a9-glam-rocki-ansambel-poisoni-kauaoodatud-juubeliturnee-jai-solisti-ahnuse-tottu-katki","status":"publish","type":"post","link":"https:\/\/www.europesays.com\/ee\/90123\/","title":{"rendered":"RAHAT\u00dcLI \u27e9 Glam rocki ansambel Poison&#8217;i kauaoodatud juubeliturnee j\u00e4i solisti ahnuse t\u00f5ttu katki"},"content":{"rendered":"<p>Tundub, et f\u00e4nnide poolt pikisilmi oodatud Poisoni 40. juubeli maailmaturneed siiski ei toimu. Portaal Page Six vahendab, et b\u00e4nd on ametlikult matnud plaanid taas\u00fchineda, kuna l\u00e4bir\u00e4\u00e4kimised jooksid ummikusse solist Bret Michaelsi n\u00f5udmiste t\u00f5ttu.<\/p>\n<p>\u00abMeil oli laual suurep\u00e4rane pakkumine, kuid me loobusime sellest. See lihtsalt ei toiminud,\u00bb s\u00f5nas trummar Rikki Rockett 18. jaanuaril avaldatud loos.<\/p>\n","protected":false},"excerpt":{"rendered":"Tundub, et f\u00e4nnide poolt pikisilmi oodatud Poisoni 40. juubeli maailmaturneed siiski ei toimu. Portaal Page Six vahendab, et&hellip;\n","protected":false},"author":2,"featured_media":90124,"comment_status":"","ping_status":"","sticky":false,"template":"","format":"standard","meta":{"footnotes":"","_share_on_mastodon":"0"},"categories":[16],"tags":[44201,44200,44202,37,33,35,173,34,36,140,20459,44204,44203,44199],"class_list":["post-90123","post","type-post","status-publish","format-standard","has-post-thumbnail","category-meelelahutus","tag-bobby-dall","tag-c-c-deville","tag-detsember-2025","tag-ee","tag-eesti","tag-eesti-keel","tag-entertainment","tag-estonia","tag-estonian","tag-meelelahutus","tag-pennsylvania","tag-poison","tag-rikki-rockett","tag-the-hair-metal-guru"],"share_on_mastodon":{"url":"https:\/\/pubeurope.com\/@ee\/115933249814735236","error":""},"_links":{"self":[{"href":"https:\/\/www.europesays.com\/ee\/wp-json\/wp\/v2\/posts\/90123","targetHints":{"allow":["GET"]}}],"collection":[{"href":"https:\/\/www.europesays.com\/ee\/wp-json\/wp\/v2\/posts"}],"about":[{"href":"https:\/\/www.europesays.com\/ee\/wp-json\/wp\/v2\/types\/post"}],"author":[{"embeddable":true,"href":"https:\/\/www.europesays.com\/ee\/wp-json\/wp\/v2\/users\/2"}],"replies":[{"embeddable":true,"href":"https:\/\/www.europesays.com\/ee\/wp-json\/wp\/v2\/comments?post=90123"}],"version-history":[{"count":0,"href":"https:\/\/www.europesays.com\/ee\/wp-json\/wp\/v2\/posts\/90123\/revisions"}],"wp:featuredmedia":[{"embeddable":true,"href":"https:\/\/www.europesays.com\/ee\/wp-json\/wp\/v2\/media\/90124"}],"wp:attachment":[{"href":"https:\/\/www.europesays.com\/ee\/wp-json\/wp\/v2\/media?parent=90123"}],"wp:term":[{"taxonomy":"category","embeddable":true,"href":"https:\/\/www.europesays.com\/ee\/wp-json\/wp\/v2\/categories?post=90123"},{"taxonomy":"post_tag","embeddable":true,"href":"https:\/\/www.europesays.com\/ee\/wp-json\/wp\/v2\/tags?post=90123"}],"curies":[{"name":"wp","href":"https:\/\/api.w.org\/{rel}","templated":true}]}}