{"id":90227,"date":"2026-01-21T15:10:18","date_gmt":"2026-01-21T15:10:18","guid":{"rendered":"https:\/\/www.europesays.com\/ee\/90227\/"},"modified":"2026-01-21T15:10:18","modified_gmt":"2026-01-21T15:10:18","slug":"omale-aega-juurde-voitnud-frank-koik-kolm-osapoolt-on-samal-lainel-soccernet-ee","status":"publish","type":"post","link":"https:\/\/www.europesays.com\/ee\/90227\/","title":{"rendered":"Omale aega juurde v\u00f5itnud Frank: k\u00f5ik kolm osapoolt on samal lainel &#8211; Soccernet.ee"},"content":{"rendered":"<p><img decoding=\"async\" src=\"https:\/\/www.europesays.com\/ee\/wp-content\/uploads\/2026\/01\/1768985426.jpg\" alt=\"Thomas Frank. Foto: Scanpix \/ Harvey Murphy \/ News Images via ZUMA Press Wire\"\/>&#13;\n<\/p>\n<p>Thomas Frank, kelle jalgealune on viimaste n\u00e4dalatega muutunud tulikuumaks, sai omale juurde armuaega, kui tema juhendatav Tottenham Hotspur alistas Meistrite liiga raames Dortmundi Borussia 2:0.<\/p>\n<p>K\u00e4imasolevast hooajast Spursi juhendav Frank ei ole suutnud vankrit \u00fchtlaselt veerema saada. Ehkki vahepeal kipub kaarik kraavi poole keerama, siis seekord Borussia vastu suudeti teel p\u00fcsida. Meistrite liiga tabelisse piiludes on Tottenhami olukord v\u00e4ga hea, sest hetkeseisul ollakse enne viimast vooru neljandal kohal.&#13;\n<\/p>\n<p>Olukord oli m\u00f6\u00f6dunud n\u00e4dala laup\u00e4eval sootuks teistsugune, kui Spurs alistus koduplatsil 1:2 Premier League&#8217;i ohutsoonis asuvale West Hamile. Seepeale hakkas kodupublikust kostuma viisijupp, kuidas Frank, kelle hoolealused pole koduliigas v\u00f5itnud neli m\u00e4ngu j\u00e4rjest, saab hommikul kinga.&#13;\n<\/p>\n<p>&#8220;Tunnen, et treeneritetiim, m\u00e4ngijad ja klubi omanikud on samal lainel. Me k\u00f5ik tahame sama asja,&#8221; r\u00e4\u00e4kis Frank p\u00e4rast Borussia alistamist Sky Sportsile. &#8220;Me teeme v\u00e4ga palju asju \u00f5iges suunas. Borussia alistamine oli meie jaoks suur asi. N\u00fc\u00fcd peame sellele v\u00f5idule toetudes oma t\u00f6\u00f6d edasi tegema.&#8221;<\/p>\n<p>N\u00e4dalavahetusel madistab Inglismaa k\u00f5rgliiga 14. v\u00f5istkond Spurs eelviimasel kohal asuva Burnleyga. &#8220;K\u00f5ige olulisem on Meistrite liiga m\u00e4ngu j\u00e4rel teha v\u00e4ga hea esitus ka koduliigas. N\u00e4en, kuidas mu meeskond t\u00f6\u00f6tab v\u00e4ga-v\u00e4ga k\u00f5vasti ja see on minu arvates v\u00e4ga hea m\u00e4rk,&#8221; s\u00f5nas Frank.&#13;\n<\/p>\n<p>Samuti uuriti peatreenerilt, kuidas ta kavatseb v\u00f5itu t\u00e4histada. &#8220;Arvan, et kaks suurt pokaali punast veini on h\u00e4davajalikud. Ma kavatsen neid nautida,&#8221; l\u00f5\u00f5pis Frank.&#13;<\/p>\n","protected":false},"excerpt":{"rendered":"&#13; Thomas Frank, kelle jalgealune on viimaste n\u00e4dalatega muutunud tulikuumaks, sai omale juurde armuaega, kui tema juhendatav Tottenham&hellip;\n","protected":false},"author":2,"featured_media":90228,"comment_status":"","ping_status":"","sticky":false,"template":"","format":"standard","meta":{"footnotes":"","_share_on_mastodon":"0"},"categories":[18],"tags":[37,33,35,34,36,8467,1190,159,158,1109,18788,1110],"class_list":["post-90227","post","type-post","status-publish","format-standard","has-post-thumbnail","category-sport","tag-ee","tag-eesti","tag-eesti-keel","tag-estonia","tag-estonian","tag-frank","tag-meistrite-liiga","tag-sport","tag-sports","tag-spurs","tag-thomas-frank","tag-tottenham"],"share_on_mastodon":{"url":"https:\/\/pubeurope.com\/@ee\/115933729453054319","error":""},"_links":{"self":[{"href":"https:\/\/www.europesays.com\/ee\/wp-json\/wp\/v2\/posts\/90227","targetHints":{"allow":["GET"]}}],"collection":[{"href":"https:\/\/www.europesays.com\/ee\/wp-json\/wp\/v2\/posts"}],"about":[{"href":"https:\/\/www.europesays.com\/ee\/wp-json\/wp\/v2\/types\/post"}],"author":[{"embeddable":true,"href":"https:\/\/www.europesays.com\/ee\/wp-json\/wp\/v2\/users\/2"}],"replies":[{"embeddable":true,"href":"https:\/\/www.europesays.com\/ee\/wp-json\/wp\/v2\/comments?post=90227"}],"version-history":[{"count":0,"href":"https:\/\/www.europesays.com\/ee\/wp-json\/wp\/v2\/posts\/90227\/revisions"}],"wp:featuredmedia":[{"embeddable":true,"href":"https:\/\/www.europesays.com\/ee\/wp-json\/wp\/v2\/media\/90228"}],"wp:attachment":[{"href":"https:\/\/www.europesays.com\/ee\/wp-json\/wp\/v2\/media?parent=90227"}],"wp:term":[{"taxonomy":"category","embeddable":true,"href":"https:\/\/www.europesays.com\/ee\/wp-json\/wp\/v2\/categories?post=90227"},{"taxonomy":"post_tag","embeddable":true,"href":"https:\/\/www.europesays.com\/ee\/wp-json\/wp\/v2\/tags?post=90227"}],"curies":[{"name":"wp","href":"https:\/\/api.w.org\/{rel}","templated":true}]}}