{"id":90389,"date":"2026-01-21T18:50:23","date_gmt":"2026-01-21T18:50:23","guid":{"rendered":"https:\/\/www.europesays.com\/ee\/90389\/"},"modified":"2026-01-21T18:50:23","modified_gmt":"2026-01-21T18:50:23","slug":"otseblogi-ja-fotod-12-eurosarjas-kohta-veerandfinaalis-jahtiv-tartu-bigbank-jai-kodus-belglaste-vastu-kaotusseisu","status":"publish","type":"post","link":"https:\/\/www.europesays.com\/ee\/90389\/","title":{"rendered":"OTSEBLOGI JA FOTOD | 1:2. Eurosarjas kohta veerandfinaalis jahtiv Tartu Bigbank j\u00e4i kodus belglaste vastu kaotusseisu"},"content":{"rendered":"<p>Alar Rikbergi t\u00fc\u00fcritav Bigbank seljatas avavoorus kahe m\u00e4ngu kokkuv\u00f5ttes koduse rivaali <a rel=\"noopener nofollow\" target=\"_blank\" href=\"https:\/\/www.delfi.ee\/teema\/63558492\/parnu-vk\" tag-id=\"63558492\">P\u00e4rnu VK<\/a>. J\u00e4rgmise ringis alistati t\u00e4nu kuldsele geimile Saksamaa k\u00f5rgliigaklubi Herrsching. N\u00fc\u00fcd ootab ees Belgias viiendat kohta hoidev Lindemans. Bigbank ise on Elme Messer Balti liigas teisel positsioonil.<\/p>\n<p>Eelvaate leiab blogi alt.<\/p>\n<p>\u201eNende m\u00e4ng on Herrschingiga v\u00f5rreldes mitmek\u00fclgsem, osavust on rohkem. Seal on v\u00f5imsa r\u00fcnnakuga Kanada diagonaal (Enrique Rempel) ja USA nurgar\u00fcndaja (Gianni Camden), portugallasest nurgar\u00fcndaja (Nuno Marques) ja kohalikud mehed annavad juurde mitmek\u00fclgsust,\u201c r\u00e4\u00e4kis Rikberg eelvaates. \u201eBelgia liiga on tihe, Roeselare on k\u00fcll kindlalt liider, ent j\u00e4rgmised kohad teisest kuni viiendani on v\u00e4ga v\u00f5rdsed. Nende puhul on v\u00f5rreldes eelmise vastasega ka ootamatust v\u00e4hem, sest v\u00e4lja on kujunenud kindlad p\u00f5himehed.\u201c<\/p>\n<p>\u201eOleme saanud teha korraliku eelt\u00f6\u00f6, l\u00e4bi on t\u00f6\u00f6tatud seitse videot ja meestel on esmane info samuti k\u00e4es. Taktikaliselt v\u00f5iksime olla paremini valmis, kui vastane,\u201c j\u00e4tkas ta.<\/p>\n<p>Bigbanki on viimasel ajal r\u00e4sinud viirushaigused ja ka m\u00f5ned vigastusemured, ent juhendaja usub, et kolmap\u00e4eval on k\u00f5ik mehed rivis. \u201eSeisud on minemas paremaks ja on olnud uuesti koormustega harjumise aeg. Saime n\u00e4dalavahetusel ka P\u00e4rnu n\u00e4ol tugeva proovikivi ja hea m\u00e4ngupraktika enne kolmap\u00e4eva (P\u00e4rnu alistas Bigbanki 3:2-toim). Mehed on siiani n\u00e4idanud, et enne eurom\u00e4nge on nad v\u00f5imelised end kokku v\u00f5tma, keskenduma ja pingutama k\u00f5rgema kvaliteediga, kui tavap\u00e4rase koduse liiga ream\u00e4ngudes,\u201c lisas juhendaja.<\/p>\n<p>Tartu ja Aalsti kordusm\u00e4ng on kavas 28. jaanuaril Belgias.<\/p>\n<p>V\u00f5itja l\u00e4heb veerandfinaalis vastamisi kas ukrainlaste Horodok Epicentr-Podoljanji v\u00f5i kreeklaste Thessaloniki PAOK-ga.<\/p>\n<p>Kuidas see lugu Sind end tundma pani? Saada <a href=\"https:\/\/sport.delfi.ee\/a\/120430798\/kommentaarid\" class=\"article-body-bottom__comment article-body-bottom__comment--write button button--primary button--size-auto\" rel=\"nofollow noopener\" target=\"_blank\"> Kommenteeri <\/a><a href=\"https:\/\/sport.delfi.ee\/a\/120430798\/kommentaarid\" class=\"article-body-bottom__comment article-body-bottom__comment--read button button--size-auto\" rel=\"nofollow noopener\" target=\"_blank\"> Loe kommentaare (1)<\/a><\/p>\n","protected":false},"excerpt":{"rendered":"Alar Rikbergi t\u00fc\u00fcritav Bigbank seljatas avavoorus kahe m\u00e4ngu kokkuv\u00f5ttes koduse rivaali P\u00e4rnu VK. J\u00e4rgmise ringis alistati t\u00e4nu kuldsele&hellip;\n","protected":false},"author":2,"featured_media":90390,"comment_status":"","ping_status":"","sticky":false,"template":"","format":"standard","meta":{"footnotes":"","_share_on_mastodon":"0"},"categories":[18],"tags":[18011,37,33,35,34,36,4103,159,158,1225],"class_list":["post-90389","post","type-post","status-publish","format-standard","has-post-thumbnail","category-sport","tag-cev-challenge-cup","tag-ee","tag-eesti","tag-eesti-keel","tag-estonia","tag-estonian","tag-parnu-vk","tag-sport","tag-sports","tag-tartu-bigbank"],"share_on_mastodon":{"url":"https:\/\/pubeurope.com\/@ee\/115934594480336971","error":""},"_links":{"self":[{"href":"https:\/\/www.europesays.com\/ee\/wp-json\/wp\/v2\/posts\/90389","targetHints":{"allow":["GET"]}}],"collection":[{"href":"https:\/\/www.europesays.com\/ee\/wp-json\/wp\/v2\/posts"}],"about":[{"href":"https:\/\/www.europesays.com\/ee\/wp-json\/wp\/v2\/types\/post"}],"author":[{"embeddable":true,"href":"https:\/\/www.europesays.com\/ee\/wp-json\/wp\/v2\/users\/2"}],"replies":[{"embeddable":true,"href":"https:\/\/www.europesays.com\/ee\/wp-json\/wp\/v2\/comments?post=90389"}],"version-history":[{"count":0,"href":"https:\/\/www.europesays.com\/ee\/wp-json\/wp\/v2\/posts\/90389\/revisions"}],"wp:featuredmedia":[{"embeddable":true,"href":"https:\/\/www.europesays.com\/ee\/wp-json\/wp\/v2\/media\/90390"}],"wp:attachment":[{"href":"https:\/\/www.europesays.com\/ee\/wp-json\/wp\/v2\/media?parent=90389"}],"wp:term":[{"taxonomy":"category","embeddable":true,"href":"https:\/\/www.europesays.com\/ee\/wp-json\/wp\/v2\/categories?post=90389"},{"taxonomy":"post_tag","embeddable":true,"href":"https:\/\/www.europesays.com\/ee\/wp-json\/wp\/v2\/tags?post=90389"}],"curies":[{"name":"wp","href":"https:\/\/api.w.org\/{rel}","templated":true}]}}