{"id":90423,"date":"2026-01-21T19:37:07","date_gmt":"2026-01-21T19:37:07","guid":{"rendered":"https:\/\/www.europesays.com\/ee\/90423\/"},"modified":"2026-01-21T19:37:07","modified_gmt":"2026-01-21T19:37:07","slug":"elron-remondib-kannatada-saanud-ronge-ja-veab-soitjaid-pealinna-ning-rapla-vahel-ajutiselt-bussidega","status":"publish","type":"post","link":"https:\/\/www.europesays.com\/ee\/90423\/","title":{"rendered":"Elron remondib kannatada saanud ronge ja veab s\u00f5itjaid pealinna ning Rapla vahel ajutiselt bussidega"},"content":{"rendered":"<p>Raudteel reisijateveoga tegelev riigiettev\u00f5te Elron teatas, et asendab neli Tallinna\u2013Rapla liini reisirongi ajutiselt bussidega. Selle p\u00f5hjusena nimetab ettev\u00f5te liiklus\u00f5nnetusi, mis on kahandanud s\u00f5iduk\u00f5lblike rongide hulka.<\/p>\n<p class=\"x_MsoNormal\">Elroni kommunikatsioonijuht Kristo M\u00e4e m\u00e4rkis pressiteate vahendusel, et firma asendab veeremipuuduse t\u00f5ttu neli Tallinna\u2013Rapla ja Rapla\u2013Tallinna v\u00e4ljumist bussidega vahemikul 26. jaanuarist kuni 11. veebruarini.<\/p>\n","protected":false},"excerpt":{"rendered":"Raudteel reisijateveoga tegelev riigiettev\u00f5te Elron teatas, et asendab neli Tallinna\u2013Rapla liini reisirongi ajutiselt bussidega. Selle p\u00f5hjusena nimetab ettev\u00f5te&hellip;\n","protected":false},"author":2,"featured_media":90424,"comment_status":"","ping_status":"","sticky":false,"template":"","format":"standard","meta":{"footnotes":"","_share_on_mastodon":"0"},"categories":[12],"tags":[26,27,44307,37,33,35,8393,34,36,31,32,21,931,28,29,19217,19,25,44309,44310,44308,23,24,22,20,30],"class_list":["post-90423","post","type-post","status-publish","format-standard","has-post-thumbnail","category-eesti","tag-breaking-news","tag-breakingnews","tag-diiselrongid","tag-ee","tag-eesti","tag-eesti-keel","tag-elron","tag-estonia","tag-estonian","tag-featured-news","tag-featurednews","tag-headlines","tag-kristo-mae","tag-latest-news","tag-latestnews","tag-liiklusonnetused","tag-news","tag-populaarseimad-lood","tag-rapla-tallinna","tag-tallinna-rapla","tag-tapa-tartu","tag-top-stories","tag-topstories","tag-uldised-uudised","tag-uudised","tag-viimased-uudised"],"share_on_mastodon":{"url":"https:\/\/pubeurope.com\/@ee\/115934779357575598","error":""},"_links":{"self":[{"href":"https:\/\/www.europesays.com\/ee\/wp-json\/wp\/v2\/posts\/90423","targetHints":{"allow":["GET"]}}],"collection":[{"href":"https:\/\/www.europesays.com\/ee\/wp-json\/wp\/v2\/posts"}],"about":[{"href":"https:\/\/www.europesays.com\/ee\/wp-json\/wp\/v2\/types\/post"}],"author":[{"embeddable":true,"href":"https:\/\/www.europesays.com\/ee\/wp-json\/wp\/v2\/users\/2"}],"replies":[{"embeddable":true,"href":"https:\/\/www.europesays.com\/ee\/wp-json\/wp\/v2\/comments?post=90423"}],"version-history":[{"count":0,"href":"https:\/\/www.europesays.com\/ee\/wp-json\/wp\/v2\/posts\/90423\/revisions"}],"wp:featuredmedia":[{"embeddable":true,"href":"https:\/\/www.europesays.com\/ee\/wp-json\/wp\/v2\/media\/90424"}],"wp:attachment":[{"href":"https:\/\/www.europesays.com\/ee\/wp-json\/wp\/v2\/media?parent=90423"}],"wp:term":[{"taxonomy":"category","embeddable":true,"href":"https:\/\/www.europesays.com\/ee\/wp-json\/wp\/v2\/categories?post=90423"},{"taxonomy":"post_tag","embeddable":true,"href":"https:\/\/www.europesays.com\/ee\/wp-json\/wp\/v2\/tags?post=90423"}],"curies":[{"name":"wp","href":"https:\/\/api.w.org\/{rel}","templated":true}]}}