{"id":90759,"date":"2026-01-22T09:07:10","date_gmt":"2026-01-22T09:07:10","guid":{"rendered":"https:\/\/www.europesays.com\/ee\/90759\/"},"modified":"2026-01-22T09:07:10","modified_gmt":"2026-01-22T09:07:10","slug":"drooniope-on-joudnud-sadade-eesti-noorteni-haridus","status":"publish","type":"post","link":"https:\/\/www.europesays.com\/ee\/90759\/","title":{"rendered":"Drooni\u00f5pe on j\u00f5udnud sadade Eesti noorteni | Haridus"},"content":{"rendered":"<p>Sellest \u00f5ppeaastast j\u00f5udis esimestesse Eesti g\u00fcmnaasiumidesse mehitamata \u00f5hus\u00f5idukite \u00f5pe, mis on peagi valikainena osa riiklikust \u00f5ppekavast. Uusi kursusi on avamas ka k\u00f5rgkoolid.<\/p>\n<p>Valitsuse koalitsioonileppes lepiti kokku, et g\u00fcmnaasiumiastmes tuleks pakkuda noortele droonide algteadmisi. Sel s\u00fcgisel algaski 12 g\u00fcmnaasiumis kursus &#8220;Mehitamata \u00f5hus\u00f5iduki k\u00e4itamine&#8221;. Eesti Lennuakadeemia ja kaitseressursside ameti loodud kursusel on praeguseks osalenud ca 300 noort.<\/p>\n<p>&#8220;Aine koosneb e-\u00f5ppes toimuvast teoreetilisest poolest, kus me r\u00e4\u00e4gime droonide ajaloost, s\u00fcsteemidest, kasutusvaldkondadest, meteoroloogiast ja regulatsioonidest. L\u00f5ppeesm\u00e4rk on saada aine k\u00f5ikidesse Eesti \u00fcldharidusg\u00fcmnaasiumitesse,&#8221; selgitas Lennuakadeemia kaugpilootide koolitusjuht ja mehitamata \u00f5hus\u00f5idukite valdkonna \u00f5ppej\u00f5ud Oskar Saarepera.<\/p>\n<p>&#8220;Vaadates viimaste aastate arengut, on droon kaitsev\u00e4elase varustuses sama oluline kui toidupakk v\u00f5i relv.&#8221;<br \/>&#8211; Oskar Saarepera<\/p>\n<p>Kaitseressursside ameti riigikaitselise hariduse valdkonnajuhi Aare Jamnese s\u00f5nul on \u00f5petajad ja \u00f5pilased aine soojalt vastu v\u00f5tnud. Seega v\u00f5iks olla valikkursus juba j\u00e4rgmisest \u00f5ppeaastast g\u00fcmnaasiumide \u00f5ppekavas. Jamnese s\u00f5nul t\u00f6\u00f6tasid nad kursuse v\u00e4lja eelk\u00f5ige riigikaitselistel p\u00f5hjustel: &#8220;Hoiame ajateenistuse v\u00e4lja\u00f5ppes kokku nende noorte aega, kes on saanud baasoskused g\u00fcmnaasiumis k\u00e4tte. Nagu juhilubadega: kui load on enne ajateenistust tehtud, on teenistus kiirem ja kvaliteetsem.&#8221;<\/p>\n<p>Ka Lennuakadeemia \u00f5ppej\u00f5ud Oskar Saarepera t\u00f5des, et praegu ei saa riigikaitses droonidest \u00fcle ega \u00fcmber: &#8220;Vaadates viimaste aastate arengut, on droon kaitsev\u00e4elase varustuses sama oluline kui toidupakk v\u00f5i relv.&#8221; Samas leidis Saarepera, et drooni\u00f5ppe levik t\u00f5stab \u00fcldist ohutuse ja teadlikkuse taset \u00fchiskonnas. &#8220;Droon ei ole m\u00e4nguasi, vaid liiklusvahend nagu auto v\u00f5i jalgratas. Igale liiklusvahendile kehtivad aga omad reeglid,&#8221; selgitas ta.<\/p>\n<p>Drooni\u00f5pe k\u00f5rgkoolides<\/p>\n<p>Uue g\u00fcmnaasiumiastmele m\u00f5eldud valikkursuse v\u00e4ljat\u00f6\u00f6tamine k\u00e4ib ka Tallinna Tehnika\u00fclikoolis. Mehaanika ja t\u00f6\u00f6stustehnika instituudi professori Raivo Selli s\u00f5nul on tegemist iseseisva kursusega ning Lennuakadeemia loodud materjalide l\u00e4bit\u00f6\u00f6tamine ei ole tingimata vajalik. &#8220;Kui n\u00e4iteks noorele ei meeldi pingeolukorrad v\u00f5i drooniga lendamine, siis ta v\u00f5ib kohe spetsialiseeruda elektroonikale ja tarkvarale,&#8221; s\u00f5nas Sell.<\/p>\n<p>Kasvava huvi t\u00f5ttu arendab \u00fclikool mehitamata \u00f5hus\u00f5idukite \u00f5pet ka k\u00f5rghariduse tasemel. K\u00e4imas on uue professuuri loomine \u2013 instituudi juurde luuakse uus droonis\u00fcsteemide professori ametikoht. &#8220;T\u00f5en\u00e4oliselt loome tulevikus eraldi droonidele spetsialiseerunud kursused ning teadus- ja arendust\u00f6\u00f6, kus on otsene koost\u00f6\u00f6 kaitsev\u00e4ega,&#8221; m\u00e4rkis Sell.<\/p>\n<p>Uusi kursuseid lisandub ka Tartu \u00dclikooli ainekavadesse. N\u00e4iteks l\u00f5ppes hiljuti esimene droonide juhtimise kursus, mis kulmineerus \u00f5pilasv\u00f5istlusel Delta X, kus pandi proovile tudengite lennuoskused. &#8220;Kuna me oleme aga arvutitehnika instituut, siis l\u00e4heneme just sellest aspektist, kuidas droone ehitada. Lennuakadeemia m\u00e4ngumaale, v\u00e4hemalt aerod\u00fcnaamika osas, me tungima ei hakka,&#8221; selgitas Tartu \u00dclikooli arvutitehnika lektor Heiki Kasem\u00e4gi.<\/p>\n<p>Kasem\u00e4e s\u00f5nul tegeletakse Tartu \u00dclikoolis droonidega nii bakalaureuse-, magistri- kui ka doktoriastmes. Sellegipoolest leidis lektor, et l\u00e4\u00e4ne teadlased ei j\u00f5ua k\u00f5igi arengutega kaasas p\u00fcsida, mis Ukraina rinnetel toimuvad. &#8220;Kui see jama seal \u00fckskord l\u00e4bi saab, siis kogu seda teadmist, ka esialgu k\u00f5rvale heidetud asju, hakatakse l\u00e4bi anal\u00fc\u00fcsima ja katsetama,&#8221; selgitas Kasem\u00e4e, lisades, et t\u00f5eline arenguh\u00fcpe on drooninduses alles algamas.<\/p>\n<p>Droonid tulevikus<\/p>\n<p>Raivo Selli s\u00f5nul on tuleviku lahendused suuresti eetiliste valikute k\u00fcsimus. &#8220;Neid valikuid on aga viimastel aastatel p\u00e4ris oluliselt \u00fcmber defineeritud. N\u00e4iteks sellised droonid, mis automaatselt tulistavad, on juba olemas. Aasta l\u00f5pus oli Vene poolel probleeme, kui automaatselt laskvad droonid ei suutnud eristada s\u00f5dureid ja tsiviilisikuid ning hakkasid tulistama k\u00fclaelanikke,&#8221; t\u00f5i Sell n\u00e4ite.<\/p>\n<p>Selli hinnangul on toimunud Ukraina s\u00f5ja t\u00f5ttu muutus ka \u00fcldises suhtumises droonidesse kui s\u00f5jatehnikasse. &#8220;Seda n\u00e4itavad ka Euroopa projektide taotlused. Kui neli v\u00f5i viis aastat tagasi olid militaarasjad taunitud, siis praegu on v\u00f5imalik taotleda rahastust erinevatele militaarlahendustele, sealhulgas autonoomsetele droonidele,&#8221; selgitas Sell.<\/p>\n<p>&#8220;K\u00fcsimus on selles, kas me suudame [droone] l\u00f5plikult kontrollida.&#8221;<br \/>&#8211; Raivo Sell<\/p>\n<p>Professor on kindel, et autonoomsed droonid, mis teevad jooksvalt reaalseid otsuseid, hakkavad olema relvaj\u00f5udude osa. &#8220;K\u00fcsimus on selles, kas me suudame seda l\u00f5plikult kontrollida,&#8221; t\u00f5des ta.<\/p>\n<p>Samas on arenevad droonilahendused kasulikud ka tsiviilelus. Lennuakadeemia \u00f5ppej\u00f5u Oskar Saarepera s\u00f5nul m\u00f5jutavad need eelk\u00f5ige ettev\u00f5tlust: &#8220;K\u00f5ige lihtsam n\u00e4ide on pakivedu: kas toidutellimuse v\u00f5i meditsiinipaki toob sulle kohale droon, mitte keegi jalgratta v\u00f5i autoga.&#8221;<\/p>\n<p>Saarepera s\u00f5nul pole aga sellised lahendused realiseerunud, sest lennundus on v\u00e4ga rangelt ohutusele suunatud valdkond. &#8220;Selleks ajaks, kui oled saanud sertifikaadi, on \u00fclej\u00e4\u00e4nud maailma areng juba eest \u00e4ra jooksnud. Oleme veidras olukorras: tehnoloogia areneb kiiresti, aga et tuua see inimestele l\u00e4hemale, peaks hoogu maha v\u00f5tma ja keskenduma ohutuse tagamisele,&#8221; nentis Saarepera.<\/p>\n","protected":false},"excerpt":{"rendered":"Sellest \u00f5ppeaastast j\u00f5udis esimestesse Eesti g\u00fcmnaasiumidesse mehitamata \u00f5hus\u00f5idukite \u00f5pe, mis on peagi valikainena osa riiklikust \u00f5ppekavast. Uusi kursusi&hellip;\n","protected":false},"author":2,"featured_media":90760,"comment_status":"","ping_status":"","sticky":false,"template":"","format":"standard","meta":{"footnotes":"","_share_on_mastodon":"0"},"categories":[12],"tags":[26,27,1274,14322,37,33,35,34,36,31,32,10690,21,21235,28,29,44420,19,25,23,24,22,20,30],"class_list":["post-90759","post","type-post","status-publish","format-standard","has-post-thumbnail","category-eesti","tag-breaking-news","tag-breakingnews","tag-droonid","tag-drooniope","tag-ee","tag-eesti","tag-eesti-keel","tag-estonia","tag-estonian","tag-featured-news","tag-featurednews","tag-gumnaasiumid","tag-headlines","tag-korgkoolid","tag-latest-news","tag-latestnews","tag-mehitamata-lennuvahend","tag-news","tag-populaarseimad-lood","tag-top-stories","tag-topstories","tag-uldised-uudised","tag-uudised","tag-viimased-uudised"],"share_on_mastodon":{"url":"https:\/\/pubeurope.com\/@ee\/115937964484159854","error":""},"_links":{"self":[{"href":"https:\/\/www.europesays.com\/ee\/wp-json\/wp\/v2\/posts\/90759","targetHints":{"allow":["GET"]}}],"collection":[{"href":"https:\/\/www.europesays.com\/ee\/wp-json\/wp\/v2\/posts"}],"about":[{"href":"https:\/\/www.europesays.com\/ee\/wp-json\/wp\/v2\/types\/post"}],"author":[{"embeddable":true,"href":"https:\/\/www.europesays.com\/ee\/wp-json\/wp\/v2\/users\/2"}],"replies":[{"embeddable":true,"href":"https:\/\/www.europesays.com\/ee\/wp-json\/wp\/v2\/comments?post=90759"}],"version-history":[{"count":0,"href":"https:\/\/www.europesays.com\/ee\/wp-json\/wp\/v2\/posts\/90759\/revisions"}],"wp:featuredmedia":[{"embeddable":true,"href":"https:\/\/www.europesays.com\/ee\/wp-json\/wp\/v2\/media\/90760"}],"wp:attachment":[{"href":"https:\/\/www.europesays.com\/ee\/wp-json\/wp\/v2\/media?parent=90759"}],"wp:term":[{"taxonomy":"category","embeddable":true,"href":"https:\/\/www.europesays.com\/ee\/wp-json\/wp\/v2\/categories?post=90759"},{"taxonomy":"post_tag","embeddable":true,"href":"https:\/\/www.europesays.com\/ee\/wp-json\/wp\/v2\/tags?post=90759"}],"curies":[{"name":"wp","href":"https:\/\/api.w.org\/{rel}","templated":true}]}}