{"id":90771,"date":"2026-01-22T09:19:07","date_gmt":"2026-01-22T09:19:07","guid":{"rendered":"https:\/\/www.europesays.com\/ee\/90771\/"},"modified":"2026-01-22T09:19:07","modified_gmt":"2026-01-22T09:19:07","slug":"laste-lemmikud-on-koolisooklas-endiselt-makaronid","status":"publish","type":"post","link":"https:\/\/www.europesays.com\/ee\/90771\/","title":{"rendered":"Laste lemmikud on koolis\u00f6\u00f6klas endiselt makaronid"},"content":{"rendered":"<p>Koolitoitlustaja Daily\u00a0tehtud\u00a0koolitoidu rahulolu-uuring kinnitab, et \u00f5pilaste lemmikroog on juba 12. aastat j\u00e4rjest makaronid ja pastaroad. Samas toob uuring esile m\u00e4rkimisv\u00e4\u00e4rse l\u00f5he t\u00e4iskasvanute hinnangutes: koolit\u00f6\u00f6tajad, kes iga p\u00e4ev koolitoitu s\u00f6\u00f6vad, hindavad seda tunduvalt k\u00f5rgemalt kui lapsevanemad, kes koolitoiduga enamasti kokku ei puutu.<\/p>\n","protected":false},"excerpt":{"rendered":"Koolitoitlustaja Daily\u00a0tehtud\u00a0koolitoidu rahulolu-uuring kinnitab, et \u00f5pilaste lemmikroog on juba 12. aastat j\u00e4rjest makaronid ja pastaroad. Samas toob uuring&hellip;\n","protected":false},"author":2,"featured_media":90772,"comment_status":"","ping_status":"","sticky":false,"template":"","format":"standard","meta":{"footnotes":"","_share_on_mastodon":"0"},"categories":[5],"tags":[26,27,8078,37,33,35,34,36,31,32,21,8076,28,29,2954,19,25,19824,23,24,22,20,294,30],"class_list":["post-90771","post","type-post","status-publish","format-standard","has-post-thumbnail","category-uldised-uudised","tag-breaking-news","tag-breakingnews","tag-daily","tag-ee","tag-eesti","tag-eesti-keel","tag-estonia","tag-estonian","tag-featured-news","tag-featurednews","tag-headlines","tag-koolitoit","tag-latest-news","tag-latestnews","tag-makaronid","tag-news","tag-populaarseimad-lood","tag-tiiu-endrikson","tag-top-stories","tag-topstories","tag-uldised-uudised","tag-uudised","tag-uuring","tag-viimased-uudised"],"share_on_mastodon":{"url":"https:\/\/pubeurope.com\/@ee\/115938011575865279","error":""},"_links":{"self":[{"href":"https:\/\/www.europesays.com\/ee\/wp-json\/wp\/v2\/posts\/90771","targetHints":{"allow":["GET"]}}],"collection":[{"href":"https:\/\/www.europesays.com\/ee\/wp-json\/wp\/v2\/posts"}],"about":[{"href":"https:\/\/www.europesays.com\/ee\/wp-json\/wp\/v2\/types\/post"}],"author":[{"embeddable":true,"href":"https:\/\/www.europesays.com\/ee\/wp-json\/wp\/v2\/users\/2"}],"replies":[{"embeddable":true,"href":"https:\/\/www.europesays.com\/ee\/wp-json\/wp\/v2\/comments?post=90771"}],"version-history":[{"count":0,"href":"https:\/\/www.europesays.com\/ee\/wp-json\/wp\/v2\/posts\/90771\/revisions"}],"wp:featuredmedia":[{"embeddable":true,"href":"https:\/\/www.europesays.com\/ee\/wp-json\/wp\/v2\/media\/90772"}],"wp:attachment":[{"href":"https:\/\/www.europesays.com\/ee\/wp-json\/wp\/v2\/media?parent=90771"}],"wp:term":[{"taxonomy":"category","embeddable":true,"href":"https:\/\/www.europesays.com\/ee\/wp-json\/wp\/v2\/categories?post=90771"},{"taxonomy":"post_tag","embeddable":true,"href":"https:\/\/www.europesays.com\/ee\/wp-json\/wp\/v2\/tags?post=90771"}],"curies":[{"name":"wp","href":"https:\/\/api.w.org\/{rel}","templated":true}]}}