{"id":90914,"date":"2026-01-22T12:14:06","date_gmt":"2026-01-22T12:14:06","guid":{"rendered":"https:\/\/www.europesays.com\/ee\/90914\/"},"modified":"2026-01-22T12:14:06","modified_gmt":"2026-01-22T12:14:06","slug":"autoga-jaale-minek-on-suur-risk-saku-vallas-vajus-maastur-ratastega-labi-veekogu-jaa","status":"publish","type":"post","link":"https:\/\/www.europesays.com\/ee\/90914\/","title":{"rendered":"Autoga j\u00e4\u00e4le minek on suur risk: Saku vallas vajus maastur ratastega l\u00e4bi veekogu j\u00e4\u00e4"},"content":{"rendered":"<p>P\u00e4\u00e4steamet hoiatab, et kuigi p\u00fcsivad k\u00fclmakraadid on veekogude j\u00e4\u00e4kaane paksust kasvatanud paiguti \u00fcle k\u00fcmne sentimeetri, siis autoga j\u00e4\u00e4le minemiseks ei pruugi sellest piisata. Autoga j\u00e4\u00e4le minek on alati riskantne.<\/p>\n<p>Ka Keskkonnaamet tuletab meelde, et mootors\u00f5idukiga j\u00e4\u00e4l vuramine on k\u00fcll tore meelelahutus, kuid nii inimeste kui ka looduse kaitsmiseks on seatud kindlad reeglid. <\/p>\n<p>\u201eEestis kehtib k\u00f5ikjal \u00fcks ja sama looduskaitseseadusest tulenev reegel \u2013 rannal v\u00f5i kaldal ei tohi v\u00e4ljaspool teid mootors\u00f5idukiga s\u00f5ita. See on nii \u00f5rna rannalooduse kaitseks. Talv sellele reeglile erandit ei tee,\u201c selgitab Keskkonnaamet. <\/p>\n<p>J\u00e4\u00e4rada tehes v\u00f5i kasutades palub amet meeles pidada kolme olulist juhist:<\/p>\n<ol>\n<li>\n<p>J\u00e4\u00e4raja rajamine ja kasutamine on lubatud vaid kohtadesse, kus veekoguni on olemas ligip\u00e4\u00e4s m\u00f6\u00f6da olemasolevat teed.<\/p>\n<\/li>\n<li>\n<p>Hoiualadel, kuhu kuulub v\u00e4ga suur osa merealast Saaremaal, Hiiumaal, L\u00e4\u00e4nemaal ning P\u00e4rnumaal, ei tohi j\u00e4\u00e4raja loomine ja kasutamine kahjustada ala kaitsev\u00e4\u00e4rtusi. Keskkonnaametilt ei pea hoiualal raja tegemiseks luba k\u00fcsima.  <\/p>\n<\/li>\n<li>\n<p>\u00dcksk\u00f5ik millise kaitseala piirides, on veekogul s\u00f5itmiseks vajalik Keskkonnaameti luba. <\/p>\n<\/li>\n<\/ol>\n<p>J\u00e4\u00e4l rallitades tuleks hoida ka loodust. Selleks palub Keskkonnaamet valida rajale p\u00e4\u00e4suks olemasolev mereni viiv tee, kasutada vaid tehniliselt korras s\u00f5idukeid ning v\u00e4ltida keskkonnareostuse teket, reostuse tekkimisel k\u00f5rvaldada see esimesel v\u00f5imalusel, v\u00e4ltida oma s\u00f5iduki j\u00e4\u00e4l parkimist ja v\u00f5tta k\u00f5ik, mis endaga kaasa tood, kaldale tagasi. <\/p>\n<p>Kuidas see lugu Sind end tundma pani? Saada <a href=\"https:\/\/maaleht.delfi.ee\/artikkel\/120431073\/autoga-jaale-minek-on-suur-risk-saku-vallas-vajus-maastur-ratastega-labi-veekogu-jaa\/kommentaarid\" class=\"article-body-bottom__comment article-body-bottom__comment--write button button--primary button--size-auto\" rel=\"nofollow noopener\" target=\"_blank\"> Kommenteeri <\/a><a href=\"https:\/\/maaleht.delfi.ee\/artikkel\/120431073\/autoga-jaale-minek-on-suur-risk-saku-vallas-vajus-maastur-ratastega-labi-veekogu-jaa\/kommentaarid\" class=\"article-body-bottom__comment article-body-bottom__comment--read button button--size-auto\" rel=\"nofollow noopener\" target=\"_blank\"> Loe kommentaare (11)<\/a><\/p>\n","protected":false},"excerpt":{"rendered":"P\u00e4\u00e4steamet hoiatab, et kuigi p\u00fcsivad k\u00fclmakraadid on veekogude j\u00e4\u00e4kaane paksust kasvatanud paiguti \u00fcle k\u00fcmne sentimeetri, siis autoga j\u00e4\u00e4le&hellip;\n","protected":false},"author":2,"featured_media":90915,"comment_status":"","ping_status":"","sticky":false,"template":"","format":"standard","meta":{"footnotes":""},"categories":[12],"tags":[26,27,37,33,35,34,36,31,32,21,28,29,44492,13842,19,10664,25,19929,23,24,22,20,30],"class_list":{"0":"post-90914","1":"post","2":"type-post","3":"status-publish","4":"format-standard","5":"has-post-thumbnail","7":"category-eesti","8":"tag-breaking-news","9":"tag-breakingnews","10":"tag-ee","11":"tag-eesti","12":"tag-eesti-keel","13":"tag-estonia","14":"tag-estonian","15":"tag-featured-news","16":"tag-featurednews","17":"tag-headlines","18":"tag-latest-news","19":"tag-latestnews","20":"tag-liiklusmark","21":"tag-liiklusseadus","22":"tag-news","23":"tag-pohja-paastekeskus","24":"tag-populaarseimad-lood","25":"tag-talverehvid","26":"tag-top-stories","27":"tag-topstories","28":"tag-uldised-uudised","29":"tag-uudised","30":"tag-viimased-uudised"},"share_on_mastodon":{"url":"https:\/\/pubeurope.com\/@ee\/115938699680181735","error":""},"_links":{"self":[{"href":"https:\/\/www.europesays.com\/ee\/wp-json\/wp\/v2\/posts\/90914","targetHints":{"allow":["GET"]}}],"collection":[{"href":"https:\/\/www.europesays.com\/ee\/wp-json\/wp\/v2\/posts"}],"about":[{"href":"https:\/\/www.europesays.com\/ee\/wp-json\/wp\/v2\/types\/post"}],"author":[{"embeddable":true,"href":"https:\/\/www.europesays.com\/ee\/wp-json\/wp\/v2\/users\/2"}],"replies":[{"embeddable":true,"href":"https:\/\/www.europesays.com\/ee\/wp-json\/wp\/v2\/comments?post=90914"}],"version-history":[{"count":0,"href":"https:\/\/www.europesays.com\/ee\/wp-json\/wp\/v2\/posts\/90914\/revisions"}],"wp:featuredmedia":[{"embeddable":true,"href":"https:\/\/www.europesays.com\/ee\/wp-json\/wp\/v2\/media\/90915"}],"wp:attachment":[{"href":"https:\/\/www.europesays.com\/ee\/wp-json\/wp\/v2\/media?parent=90914"}],"wp:term":[{"taxonomy":"category","embeddable":true,"href":"https:\/\/www.europesays.com\/ee\/wp-json\/wp\/v2\/categories?post=90914"},{"taxonomy":"post_tag","embeddable":true,"href":"https:\/\/www.europesays.com\/ee\/wp-json\/wp\/v2\/tags?post=90914"}],"curies":[{"name":"wp","href":"https:\/\/api.w.org\/{rel}","templated":true}]}}