{"id":90955,"date":"2026-01-22T13:09:09","date_gmt":"2026-01-22T13:09:09","guid":{"rendered":"https:\/\/www.europesays.com\/ee\/90955\/"},"modified":"2026-01-22T13:09:09","modified_gmt":"2026-01-22T13:09:09","slug":"helir-valdor-seeder-%e2%9f%a9-naen-uut-viga-juba-sundimas-ega-soovi-jagada-vastutust-koalitsiooni-jatkuvate-rumaluste-eest","status":"publish","type":"post","link":"https:\/\/www.europesays.com\/ee\/90955\/","title":{"rendered":"HELIR-VALDOR SEEDER \u27e9 N\u00e4en uut viga juba s\u00fcndimas ega soovi jagada vastutust koalitsiooni j\u00e4tkuvate rumaluste eest"},"content":{"rendered":"<p>Valitsuskoalitsiooni poliitikute arvates peaks Eestis valitsuse tekitatud korralageduse eest vastutama (samav\u00e4\u00e4rselt v\u00f5i rohkemgi) ka opositsioon ja valitsuse rumala poliitika \u00abvigade paranduses\u00bb osalemine peaks olema opositsiooni v\u00e4ltimatu kohustus. Viimane ere n\u00e4ide on skandaalne hasartm\u00e4ngumaksu muutmine, kus opositsioonilt n\u00f5utakse skandaali silumise toetamist, kirjutab riigikogu Isamaa fraktsiooni esimees Helir-Valdor Seeder.<\/p>\n<p>Reformierakonna ja Eesti 200 juhtimise all p\u00fc\u00fctakse juurutada anon\u00fc\u00fcmset kollektiivse vastutuse kultuuri, et avalikkus ei suudaks enam terasid s\u00f5kaldest eristada.<\/p>\n","protected":false},"excerpt":{"rendered":"Valitsuskoalitsiooni poliitikute arvates peaks Eestis valitsuse tekitatud korralageduse eest vastutama (samav\u00e4\u00e4rselt v\u00f5i rohkemgi) ka opositsioon ja valitsuse rumala&hellip;\n","protected":false},"author":2,"featured_media":90956,"comment_status":"","ping_status":"","sticky":false,"template":"","format":"standard","meta":{"footnotes":""},"categories":[12],"tags":[26,27,37,33,651,35,34,36,31,32,6592,21,731,44508,28,29,13150,649,19,25,643,10598,23,24,22,20,37890,30],"class_list":{"0":"post-90955","1":"post","2":"type-post","3":"status-publish","4":"format-standard","5":"has-post-thumbnail","7":"category-eesti","8":"tag-breaking-news","9":"tag-breakingnews","10":"tag-ee","11":"tag-eesti","12":"tag-eesti-200","13":"tag-eesti-keel","14":"tag-estonia","15":"tag-estonian","16":"tag-featured-news","17":"tag-featurednews","18":"tag-hasartmangumaks","19":"tag-headlines","20":"tag-isamaa","21":"tag-laevanduse-toetus","22":"tag-latest-news","23":"tag-latestnews","24":"tag-maksuvabastus","25":"tag-mart-vorklaev","26":"tag-news","27":"tag-populaarseimad-lood","28":"tag-reformierakond","29":"tag-tanel-tein","30":"tag-top-stories","31":"tag-topstories","32":"tag-uldised-uudised","33":"tag-uudised","34":"tag-vabariigi-president","35":"tag-viimased-uudised"},"share_on_mastodon":{"url":"https:\/\/pubeurope.com\/@ee\/115938916057675800","error":""},"_links":{"self":[{"href":"https:\/\/www.europesays.com\/ee\/wp-json\/wp\/v2\/posts\/90955","targetHints":{"allow":["GET"]}}],"collection":[{"href":"https:\/\/www.europesays.com\/ee\/wp-json\/wp\/v2\/posts"}],"about":[{"href":"https:\/\/www.europesays.com\/ee\/wp-json\/wp\/v2\/types\/post"}],"author":[{"embeddable":true,"href":"https:\/\/www.europesays.com\/ee\/wp-json\/wp\/v2\/users\/2"}],"replies":[{"embeddable":true,"href":"https:\/\/www.europesays.com\/ee\/wp-json\/wp\/v2\/comments?post=90955"}],"version-history":[{"count":0,"href":"https:\/\/www.europesays.com\/ee\/wp-json\/wp\/v2\/posts\/90955\/revisions"}],"wp:featuredmedia":[{"embeddable":true,"href":"https:\/\/www.europesays.com\/ee\/wp-json\/wp\/v2\/media\/90956"}],"wp:attachment":[{"href":"https:\/\/www.europesays.com\/ee\/wp-json\/wp\/v2\/media?parent=90955"}],"wp:term":[{"taxonomy":"category","embeddable":true,"href":"https:\/\/www.europesays.com\/ee\/wp-json\/wp\/v2\/categories?post=90955"},{"taxonomy":"post_tag","embeddable":true,"href":"https:\/\/www.europesays.com\/ee\/wp-json\/wp\/v2\/tags?post=90955"}],"curies":[{"name":"wp","href":"https:\/\/api.w.org\/{rel}","templated":true}]}}