{"id":91155,"date":"2026-01-22T17:12:36","date_gmt":"2026-01-22T17:12:36","guid":{"rendered":"https:\/\/www.europesays.com\/ee\/91155\/"},"modified":"2026-01-22T17:12:36","modified_gmt":"2026-01-22T17:12:36","slug":"tartu-ulikooli-korvpallitiimi-manedzer-hakkab-liigasid-juhtima-korvpall","status":"publish","type":"post","link":"https:\/\/www.europesays.com\/ee\/91155\/","title":{"rendered":"Tartu \u00dclikooli korvpallitiimi m\u00e4ned\u017eer hakkab liigasid juhtima | Korvpall"},"content":{"rendered":"<p>Eesti korvpalliliit teatas, et alates 23. veebruarist alustab liigade juhina t\u00f6\u00f6d pikaaegne Tartu \u00dclikool Maks &amp; Mooritsa korvpalliv\u00f5istkonna m\u00e4ned\u017eer Robert Peterson.<\/p>\n<p>Peterson on alates 2019. aastast t\u00f6\u00f6tanud Tartu \u00dclikooli Akadeemilises Spordiklubis korvpalli peam\u00e4ned\u017eerina. Lisaks on Petersonil olemas kogemus m\u00e4ngijana k\u00f5rgliiga tasemel, esindades oma karj\u00e4\u00e4ri jooksul Valga ja Rakvere meeskondi.<\/p>\n<p>&#8220;&#8221;Isiklikus plaanis on see kindlasti suur v\u00e4ljakutse ja karj\u00e4\u00e4ris samm edasi. Saan n\u00e4ha valdkonda teiselt poolt, arendada Eesti korvpalli alaliidu tasandil ja panna ennast proovile. T\u00e4nu erinevatele alaliidu n\u00f5ukogudele ja t\u00f6\u00f6tubadele olen mingite n\u00fcanssidega juba kursis, aga kindlasti on \u00f5ppimist ja arenemist veel palju. Tuleb p\u00f5nev aeg ja ootan uues ametis t\u00f6\u00f6le asumist huviga,&#8221; r\u00e4\u00e4kis veebruari l\u00f5pus t\u00f6\u00f6le asuv Peterson.<\/p>\n<p>&#8220;Roberti n\u00e4ol on tegemist mehega, kes tunneb v\u00e4ga h\u00e4sti Eesti korvpalli igap\u00e4evaelu \u2013 nii klubide, m\u00e4ngijate kui ka korraldusliku poole pealt,&#8221; s\u00f5nas alaliidu peasekret\u00e4r Gerd Kiili. &#8220;Olen enam kui kindel, et meie \u00fchine teekond korvpalli populaarsuse kasvatamisel saab olema tulemuslik.&#8221;<\/p>\n<p>2017. aastal alaliidus t\u00f6\u00f6le asunud ning senini liigade tegevuse eest vastutanud Henri Ausmaa alustab t\u00f6\u00f6d 2029. aasta Euroopa meistriv\u00f5istluste Tallinna alagrupiturniiri direktorina.<\/p>\n<p>&#8220;Mul on hea meel, et Robert otsustas kandideerida, sest tema n\u00e4ol oleme leidnud uue ja v\u00e4\u00e4rika liigade juhi, kellel on suur kogemus korvpallis ning kes aitab liigad viia edasi j\u00e4rgmisele tasemele,&#8221; r\u00e4\u00e4kis senine alaliidu liigade ja v\u00f5istluste juht Ausmaa.<\/p>\n","protected":false},"excerpt":{"rendered":"Eesti korvpalliliit teatas, et alates 23. veebruarist alustab liigade juhina t\u00f6\u00f6d pikaaegne Tartu \u00dclikool Maks &amp; Mooritsa korvpalliv\u00f5istkonna&hellip;\n","protected":false},"author":2,"featured_media":91156,"comment_status":"","ping_status":"","sticky":false,"template":"","format":"standard","meta":{"footnotes":"","_share_on_mastodon":"0"},"categories":[5],"tags":[26,27,37,33,35,5748,34,36,31,32,21,28,29,19,25,44599,23,24,22,20,30],"class_list":["post-91155","post","type-post","status-publish","format-standard","has-post-thumbnail","category-uldised-uudised","tag-breaking-news","tag-breakingnews","tag-ee","tag-eesti","tag-eesti-keel","tag-eesti-korvpalliliit","tag-estonia","tag-estonian","tag-featured-news","tag-featurednews","tag-headlines","tag-latest-news","tag-latestnews","tag-news","tag-populaarseimad-lood","tag-robert-peterson","tag-top-stories","tag-topstories","tag-uldised-uudised","tag-uudised","tag-viimased-uudised"],"share_on_mastodon":{"url":"https:\/\/pubeurope.com\/@ee\/115939871445029402","error":""},"_links":{"self":[{"href":"https:\/\/www.europesays.com\/ee\/wp-json\/wp\/v2\/posts\/91155","targetHints":{"allow":["GET"]}}],"collection":[{"href":"https:\/\/www.europesays.com\/ee\/wp-json\/wp\/v2\/posts"}],"about":[{"href":"https:\/\/www.europesays.com\/ee\/wp-json\/wp\/v2\/types\/post"}],"author":[{"embeddable":true,"href":"https:\/\/www.europesays.com\/ee\/wp-json\/wp\/v2\/users\/2"}],"replies":[{"embeddable":true,"href":"https:\/\/www.europesays.com\/ee\/wp-json\/wp\/v2\/comments?post=91155"}],"version-history":[{"count":0,"href":"https:\/\/www.europesays.com\/ee\/wp-json\/wp\/v2\/posts\/91155\/revisions"}],"wp:featuredmedia":[{"embeddable":true,"href":"https:\/\/www.europesays.com\/ee\/wp-json\/wp\/v2\/media\/91156"}],"wp:attachment":[{"href":"https:\/\/www.europesays.com\/ee\/wp-json\/wp\/v2\/media?parent=91155"}],"wp:term":[{"taxonomy":"category","embeddable":true,"href":"https:\/\/www.europesays.com\/ee\/wp-json\/wp\/v2\/categories?post=91155"},{"taxonomy":"post_tag","embeddable":true,"href":"https:\/\/www.europesays.com\/ee\/wp-json\/wp\/v2\/tags?post=91155"}],"curies":[{"name":"wp","href":"https:\/\/api.w.org\/{rel}","templated":true}]}}