{"id":91197,"date":"2026-01-22T18:04:06","date_gmt":"2026-01-22T18:04:06","guid":{"rendered":"https:\/\/www.europesays.com\/ee\/91197\/"},"modified":"2026-01-22T18:04:06","modified_gmt":"2026-01-22T18:04:06","slug":"vagulil-ei-onnestunud-lennumae-mm-i-loppvoistlusele-jouda-suusahupped","status":"publish","type":"post","link":"https:\/\/www.europesays.com\/ee\/91197\/","title":{"rendered":"Vagulil ei \u00f5nnestunud lennum\u00e4e MM-i l\u00f5ppv\u00f5istlusele j\u00f5uda | Suusah\u00fcpped"},"content":{"rendered":"<p>Eesti suusah\u00fcppaja Kaimar Vagul piirdus lennum\u00e4e maailmameistriv\u00f5istlustel Oberstdorfis eelv\u00f5istlusega ega p\u00e4\u00e4senud 40 hulka, kes hakkavad selgitama parimat lendajat.<\/p>\n<p>Vagul h\u00fcppas 143,5 meetrit ja teenis 116,8 punkti, mis t\u00f5i 43. koha. Viimasena edasi p\u00e4\u00e4senud sportlane teenis temast 14,1 punkti enam.<\/p>\n<p>T\u00e4navuse hooaja valitseja Domen Prevc (Sloveenia) oli taas selgelt parim &#8211; ta lendas 228,5 meetrit ja teenis 225,5 punkti. Seejuures sai ta l\u00e4hte kolm poomi madalamalt kui teised.<\/p>\n<p>H\u00fcppe pikkuse osas suutis talle konkurentsi pakkuda vaid austerlane Stephan Embacher (227 meetrit ja 212,8 punkti). Paremuselt kolmanda \u00f5hulennu tegi teine austerlane Jan H\u00f6rl (204,6 punkti).<\/p>\n<p>Eesti parim suusah\u00fcppaja Artti Aigro vigastuse t\u00f5ttu kaasa ei teinud.<\/p>\n<p>Lennum\u00e4e maailmameister selgub reedel, 23. jaanuaril. Kaks p\u00e4eva hiljem selgitatakse maailmameister ka v\u00f5istkondlikus arvestuses.<\/p>\n","protected":false},"excerpt":{"rendered":"Eesti suusah\u00fcppaja Kaimar Vagul piirdus lennum\u00e4e maailmameistriv\u00f5istlustel Oberstdorfis eelv\u00f5istlusega ega p\u00e4\u00e4senud 40 hulka, kes hakkavad selgitama parimat lendajat.&hellip;\n","protected":false},"author":2,"featured_media":91198,"comment_status":"","ping_status":"","sticky":false,"template":"","format":"standard","meta":{"footnotes":"","_share_on_mastodon":"0"},"categories":[18],"tags":[1703,37,33,35,34,36,1702,44612,159,158],"class_list":["post-91197","post","type-post","status-publish","format-standard","has-post-thumbnail","category-sport","tag-domen-prevc","tag-ee","tag-eesti","tag-eesti-keel","tag-estonia","tag-estonian","tag-kaimar-vagul","tag-lennumae-mm","tag-sport","tag-sports"],"share_on_mastodon":{"url":"https:\/\/pubeurope.com\/@ee\/115940075952780918","error":""},"_links":{"self":[{"href":"https:\/\/www.europesays.com\/ee\/wp-json\/wp\/v2\/posts\/91197","targetHints":{"allow":["GET"]}}],"collection":[{"href":"https:\/\/www.europesays.com\/ee\/wp-json\/wp\/v2\/posts"}],"about":[{"href":"https:\/\/www.europesays.com\/ee\/wp-json\/wp\/v2\/types\/post"}],"author":[{"embeddable":true,"href":"https:\/\/www.europesays.com\/ee\/wp-json\/wp\/v2\/users\/2"}],"replies":[{"embeddable":true,"href":"https:\/\/www.europesays.com\/ee\/wp-json\/wp\/v2\/comments?post=91197"}],"version-history":[{"count":0,"href":"https:\/\/www.europesays.com\/ee\/wp-json\/wp\/v2\/posts\/91197\/revisions"}],"wp:featuredmedia":[{"embeddable":true,"href":"https:\/\/www.europesays.com\/ee\/wp-json\/wp\/v2\/media\/91198"}],"wp:attachment":[{"href":"https:\/\/www.europesays.com\/ee\/wp-json\/wp\/v2\/media?parent=91197"}],"wp:term":[{"taxonomy":"category","embeddable":true,"href":"https:\/\/www.europesays.com\/ee\/wp-json\/wp\/v2\/categories?post=91197"},{"taxonomy":"post_tag","embeddable":true,"href":"https:\/\/www.europesays.com\/ee\/wp-json\/wp\/v2\/tags?post=91197"}],"curies":[{"name":"wp","href":"https:\/\/api.w.org\/{rel}","templated":true}]}}