{"id":91505,"date":"2026-01-23T08:10:16","date_gmt":"2026-01-23T08:10:16","guid":{"rendered":"https:\/\/www.europesays.com\/ee\/91505\/"},"modified":"2026-01-23T08:10:16","modified_gmt":"2026-01-23T08:10:16","slug":"22-jaanuar-sundinud-inimese-iseloom","status":"publish","type":"post","link":"https:\/\/www.europesays.com\/ee\/91505\/","title":{"rendered":"22 jaanuar s\u00fcndinud inimese iseloom"},"content":{"rendered":"<ol start=\"22\" class=\"wp-block-list\">\n<li>jaanuaril s\u00fcndinud inimene kuulub Veevalaja t\u00e4hem\u00e4rgi alla, kuid temas on sageli tunda ka Kaljukitse t\u00f5sist ja vastutustundlikku alatooni. See annab talle haruldase kombinatsiooni idealismist ja praktilisusest, unistustest ja vastutusest. Ta ei ole t\u00fc\u00fcpiline l\u00e4rmakas v\u00f5i pealiskaudne Veevalaja, vaid pigem s\u00fcgav, m\u00f5tlev ja sisemiselt v\u00e4ga tugev isiksus.<\/li>\n<\/ol>\n<p>Iseloomult on ta iseseisev m\u00f5tleja, kes ei talu pealesurutud reegleid ega kitsaid raame. Ta vajab vabadust nii m\u00f5tetes, tunnetes kui ka elukorralduses. Samas ei t\u00e4henda see vastutustundetust. Vastupidi, 22. jaanuaril s\u00fcndinud inimene v\u00f5tab oma kohustusi v\u00e4ga t\u00f5siselt, eriti kui need on seotud tema v\u00e4\u00e4rtuste v\u00f5i s\u00fcgava sisemise t\u00f5ega. Ta ei tee asju poolikult ja ei vali kunagi teed, mis on tema hingele vale, isegi kui see oleks lihtsam.<\/p>\n<p>Tema m\u00f5istus on anal\u00fc\u00fctiline ja kaugeleulatuv. Ta n\u00e4eb mustreid seal, kus teised n\u00e4evad juhuseid, ning suudab m\u00f5elda mitu sammu ette. Sageli on tal loomulik anne strateegilise m\u00f5tlemise, s\u00fcsteemide loomise v\u00f5i \u00fchiskondlike probleemide m\u00f5istmise jaoks. Ta v\u00f5ib tunda huvi teaduse, ps\u00fchholoogia, vaimsuse, tehnoloogia v\u00f5i sotsiaalsete teemade vastu. Tema jaoks ei ole maailm must-valge, vaid t\u00e4is kihte ja s\u00fcgavusi.<\/p>\n<p>Emotsionaalselt on 22. jaanuaril s\u00fcndinu vaoshoitud, kuid s\u00fcgav. Ta ei ava end kergesti ja v\u00f5ib j\u00e4tta alguses k\u00fclma v\u00f5i distantseeritud mulje. Tegelikult on tema sisemaailm v\u00e4ga rikas ja tundlik. Ta tunneb palju, kuid v\u00e4ljendab seda vaid neile, keda t\u00f5eliselt usaldab. Kui ta kord kedagi oma ellu lubab, on ta lojaalne, aus ja p\u00fchendunud, kuid vajab alati ka isiklikku ruumi.<\/p>\n<p>Suhetes otsib ta hingelist ja vaimset sidet, mitte pelgalt emotsionaalset draamat v\u00f5i harjumusp\u00e4rast koosolemist. Talle on oluline, et partner austaks tema iseseisvust ega p\u00fc\u00fcaks teda muuta. Kui ta tunneb, et teda piiratakse v\u00f5i kontrollitakse, t\u00f5mbub ta kiiresti tagasi. Samas, kui suhe p\u00f5hineb vastastikusel austusel ja m\u00f5istmisel, v\u00f5ib ta olla v\u00e4ga s\u00fcgav ja toetav partner.<\/p>\n<ol start=\"22\" class=\"wp-block-list\">\n<li>jaanuaril s\u00fcndinud inimese varjuk\u00fclg v\u00f5ib avalduda liigses distantseerumises, emotsioonide alla surumises v\u00f5i tunnetes, et keegi ei m\u00f5ista teda p\u00e4riselt. Ta v\u00f5ib kanda endas \u00fcksinduse tunnet isegi siis, kui on inimeste keskel. Samuti v\u00f5ib ta olla kangekaelne oma t\u00f5ekspidamistes ja raskesti m\u00f5jutatav, isegi siis, kui kompromiss oleks kasulik.<\/li>\n<\/ol>\n<p>Eluteel on ta sageli kutsutud olema muutuste tooja. Tema roll ei ole alati mugav ega lihtne, sest ta n\u00e4eb ette seda, mida teised alles hiljem m\u00f5istavad. Ta v\u00f5ib olla teerajaja, \u00f5petaja, uuendaja v\u00f5i keegi, kes raputab vanu s\u00fcsteeme, et teha ruumi uuele ja ausamale maailmale. See v\u00f5ib tuua kaasa ka vastuseisu, kuid sisimas teab ta, et peab j\u00e4\u00e4ma truuks oma teele.<\/p>\n<p>Kokkuv\u00f5ttes on 22. jaanuaril s\u00fcndinud inimene s\u00fcgav, tark ja sisemiselt tugev hing, kelle elu ei ole m\u00f5eldud olema tavaline. Tema suurim \u00f5ppetund on \u00f5ppida tasakaalustama oma iseseisvust ja avatust, m\u00f5istust ja s\u00fcdant. Kui ta julgeb end rohkem avada ja usaldada, saab temast inimene, kes mitte ainult ei m\u00f5ista maailma, vaid aitab seda ka paremaks muuta.<\/p>\n<p>\n\tRelated\n<\/p>\n<p>\t\tPost navigation<\/p>\n","protected":false},"excerpt":{"rendered":"jaanuaril s\u00fcndinud inimene kuulub Veevalaja t\u00e4hem\u00e4rgi alla, kuid temas on sageli tunda ka Kaljukitse t\u00f5sist ja vastutustundlikku alatooni.&hellip;\n","protected":false},"author":2,"featured_media":91506,"comment_status":"","ping_status":"","sticky":false,"template":"","format":"standard","meta":{"footnotes":"","_share_on_mastodon":"0"},"categories":[16],"tags":[37,33,35,173,34,36,602,140],"class_list":["post-91505","post","type-post","status-publish","format-standard","has-post-thumbnail","category-meelelahutus","tag-ee","tag-eesti","tag-eesti-keel","tag-entertainment","tag-estonia","tag-estonian","tag-iseloom","tag-meelelahutus"],"share_on_mastodon":{"url":"https:\/\/pubeurope.com\/@ee\/115943402609157724","error":""},"_links":{"self":[{"href":"https:\/\/www.europesays.com\/ee\/wp-json\/wp\/v2\/posts\/91505","targetHints":{"allow":["GET"]}}],"collection":[{"href":"https:\/\/www.europesays.com\/ee\/wp-json\/wp\/v2\/posts"}],"about":[{"href":"https:\/\/www.europesays.com\/ee\/wp-json\/wp\/v2\/types\/post"}],"author":[{"embeddable":true,"href":"https:\/\/www.europesays.com\/ee\/wp-json\/wp\/v2\/users\/2"}],"replies":[{"embeddable":true,"href":"https:\/\/www.europesays.com\/ee\/wp-json\/wp\/v2\/comments?post=91505"}],"version-history":[{"count":0,"href":"https:\/\/www.europesays.com\/ee\/wp-json\/wp\/v2\/posts\/91505\/revisions"}],"wp:featuredmedia":[{"embeddable":true,"href":"https:\/\/www.europesays.com\/ee\/wp-json\/wp\/v2\/media\/91506"}],"wp:attachment":[{"href":"https:\/\/www.europesays.com\/ee\/wp-json\/wp\/v2\/media?parent=91505"}],"wp:term":[{"taxonomy":"category","embeddable":true,"href":"https:\/\/www.europesays.com\/ee\/wp-json\/wp\/v2\/categories?post=91505"},{"taxonomy":"post_tag","embeddable":true,"href":"https:\/\/www.europesays.com\/ee\/wp-json\/wp\/v2\/tags?post=91505"}],"curies":[{"name":"wp","href":"https:\/\/api.w.org\/{rel}","templated":true}]}}